{"id":75588,"date":"2020-02-09T06:38:17","date_gmt":"2020-02-09T11:38:17","guid":{"rendered":"https:\/\/linitiative.ca\/International\/plaidoyer-pour-la-creation-dune-agence-africaine-de-renseignement\/"},"modified":"2020-02-09T06:38:17","modified_gmt":"2020-02-09T11:38:17","slug":"plaidoyer-pour-la-creation-dune-agence-africaine-de-renseignement","status":"publish","type":"post","link":"https:\/\/linitiative.ca\/International\/plaidoyer-pour-la-creation-dune-agence-africaine-de-renseignement\/","title":{"rendered":"Plaidoyer pour la cr\u00e9ation d\u2019une Agence africaine de renseignement"},"content":{"rendered":"<div readability=\"39\">\n<p>Marrakech \u2013 Le directeur du Centre international de recherche et de droits de l\u2019Homme de Bruxelles, M. Ramadan Abujazar a plaid\u00e9, samedi \u00e0 Marrakech, en faveur de la cr\u00e9ation d\u2019une Agence centrale africaine du renseignement, avec pour mission principale de lutter contre les menaces s\u00e9curitaires globalis\u00e9es.<\/p>\n<\/div>\n<div readability=\"112\">\n<p>\u00ab\u00a0Il est temps pour que l\u2019Afrique soit dot\u00e9e d\u2019une Agence centrale de renseignement, \u00e0 m\u00eame de permettre un \u00e9change efficient et fluide d\u2019informations entre les Etats membres notamment, dans les domaines de la lutte contre le terrorisme, et le d\u00e9mant\u00e8lement des cellules terroristes\u00a0\u00bb, a d\u00e9clar\u00e9 \u00e0 la MAP, M. Abujazar en marge de sa participation \u00e0 la 11\u00e8 \u00e9dition de Marrakech Security Forum (MSF- 2020).<\/p>\n<p>La mise en place d\u2019une telle Agence est de nature \u00e0 conf\u00e9rer \u00e0 l\u2019Afrique tout le respect de la part de la communaut\u00e9 internationale, sachant qu\u2019\u00e0 l\u2019\u00e8re actuelle, on a beaucoup tendance \u00e0 consid\u00e9rer celui qui d\u00e9tient l\u2019information comme une v\u00e9ritable source de pouvoir et de force, a-t-il estim\u00e9.<\/p>\n<p>Et de faire observer que le Maroc, partant de ses r\u00f4les pionniers sur le plan continental, demeure le pays le mieux plac\u00e9 pour abriter le si\u00e8ge de cette Agence et ce, pour des raisons li\u00e9es \u00e0 l\u2019excellence des relations que le Royaume ne cesse de tisser avec les pays africains, aux potentialit\u00e9s \u00e9normes dont il dispose mais aussi, gr\u00e2ce \u00e0 son expertise av\u00e9r\u00e9e en mati\u00e8re de d\u00e9mant\u00e8lement des cellules terroristes et d\u2019arrestation, \u00e0 titre proactif et pr\u00e9ventif, de centaines de terroristes.<\/p>\n<p>Dans la foul\u00e9e, M. Abujazar s\u2019est arr\u00eat\u00e9 sur certains indicateurs positifs, \u00e0 l\u2019instar du nombre d\u2019\u00e9tudiants africains qui poursuivent leurs formations universitaires au Maroc dans diverses sp\u00e9cialit\u00e9s et disciplines, outre la parfaite maitrise par les jeunes marocains de diff\u00e9rentes langues \u00e9trang\u00e8res, ce qui est \u00ab\u00a0rare dans la grande majorit\u00e9 des pays africains\u00a0\u00bb, a-t-il dit.<\/p>\n<p>Il a, en outre, tenu \u00e0 indiquer que le Royaume est consid\u00e9r\u00e9 actuellement comme \u00ab\u00a0la porte d\u2019entr\u00e9e de l\u2019Afrique vers les pays de l\u2019Union Europ\u00e9enne\u00a0\u00bb, outre le fait qu\u2019il jouit de relations excellentes aussi bien avec l\u2019Occident qu\u2019avec l\u2019Orient, rappelant que le Royaume a, \u00e0 plusieurs reprises, apport\u00e9 son aide \u00ab\u00a0pr\u00e9cieuse\u00a0\u00bb et son appui aux pays europ\u00e9ens, \u00e0 l\u2019instar de la Belgique, de la France, et de l\u2019Allemagne notamment, en mati\u00e8re de suivi et de d\u00e9mant\u00e8lement des cellules terroristes.<\/p>\n<p>Apr\u00e8s avoir soulign\u00e9 l\u2019imp\u00e9ratif majeur de la cr\u00e9ation de cette Agence Africaine d\u00e9di\u00e9e au renseignement, il a fait savoir que la prochaine \u00e9tape \u00e0 suivre consistera \u00e0 r\u00e9unir les comp\u00e9tences du Maroc et des autres pays agissant \u00e0 l\u2019\u00e9chelle du Continent en vue de les mettre en contact et ce, dans la perspective de la tenue d\u2019un congr\u00e8s constitutif et de l\u2019\u00e9laboration d\u2019une charte dans ce sens.<\/p>\n<p>Et de faire savoir que l\u2019information trait\u00e9e dans le cadre de cette Agence sera mise \u00e0 la disposition de l\u2019ensemble des Etats membres sans exception et ce, abstraction faite des \u00ab\u00a0diff\u00e9rends politiques pouvant les opposer\u00a0\u00bb, notant que dans cette optique, l\u2019exploitation de ces informations permettront, sans nul doute, de pr\u00e9server la paix et la s\u00e9curit\u00e9 du Continent africain dans son ensemble.<\/p>\n<p>Sur un autre registre, M. Abujazar a relev\u00e9 que le choix de la th\u00e9matique de la 11\u00e8 \u00e9dition du MSF-2020 \u00e0 savoir : \u00ab\u00a0l\u2019Afrique \u00e0 l\u2019\u00e9preuve des terrorismes et des menaces globalis\u00e9es\u00a0\u00bb, illustre clairement cet int\u00e9r\u00eat particulier que le Maroc ne cesse d\u2019accorder aux questions s\u00e9curitaires de mani\u00e8re g\u00e9n\u00e9rale, et \u00e0 la s\u00e9curit\u00e9 en Afrique en particulier, rappelant dans ce contexte, une s\u00e9rie de conf\u00e9rences organis\u00e9es au Maroc sur les questions de s\u00e9curit\u00e9 et de stabilit\u00e9 du Continent.<\/p>\n<\/div>\n<p>Auteur: Meriem IGASS<br \/>\n<a href=\"http:\/\/www.mapmarrakech.ma\/fr\/agence-2\/\">Cliquez ici pour lire l&rsquo;article depuis sa source.<\/a><\/p>\n","protected":false},"excerpt":{"rendered":"<p>Marrakech \u2013 Le directeur du Centre international de recherche et de droits de l\u2019Homme de Bruxelles, M. Ramadan Abujazar a plaid\u00e9, samedi \u00e0 Marrakech, en faveur de la cr\u00e9ation d\u2019une Agence centrale africaine du renseignement, avec pour mission principale de lutter contre les menaces s\u00e9curitaires globalis\u00e9es. \u00ab\u00a0Il est temps pour que l\u2019Afrique soit dot\u00e9e d\u2019une [&hellip;]<\/p>\n","protected":false},"author":1788,"featured_media":0,"comment_status":"closed","ping_status":"closed","sticky":false,"template":"","format":"standard","meta":{"fifu_image_url":"","fifu_image_alt":"","footnotes":""},"categories":[54,76],"tags":[],"class_list":["post-75588","post","type-post","status-publish","format-standard","hentry","category-maroc","category-regions"],"_links":{"self":[{"href":"https:\/\/linitiative.ca\/International\/wp-json\/wp\/v2\/posts\/75588","targetHints":{"allow":["GET"]}}],"collection":[{"href":"https:\/\/linitiative.ca\/International\/wp-json\/wp\/v2\/posts"}],"about":[{"href":"https:\/\/linitiative.ca\/International\/wp-json\/wp\/v2\/types\/post"}],"author":[{"embeddable":true,"href":"https:\/\/linitiative.ca\/International\/wp-json\/wp\/v2\/users\/1788"}],"replies":[{"embeddable":true,"href":"https:\/\/linitiative.ca\/International\/wp-json\/wp\/v2\/comments?post=75588"}],"version-history":[{"count":0,"href":"https:\/\/linitiative.ca\/International\/wp-json\/wp\/v2\/posts\/75588\/revisions"}],"wp:attachment":[{"href":"https:\/\/linitiative.ca\/International\/wp-json\/wp\/v2\/media?parent=75588"}],"wp:term":[{"taxonomy":"category","embeddable":true,"href":"https:\/\/linitiative.ca\/International\/wp-json\/wp\/v2\/categories?post=75588"},{"taxonomy":"post_tag","embeddable":true,"href":"https:\/\/linitiative.ca\/International\/wp-json\/wp\/v2\/tags?post=75588"}],"curies":[{"name":"wp","href":"https:\/\/api.w.org\/{rel}","templated":true}]}}