{"id":75591,"date":"2020-02-09T12:53:16","date_gmt":"2020-02-09T17:53:16","guid":{"rendered":"https:\/\/linitiative.ca\/International\/exceptionnel-momentum-ne-de-la-visite-royale-a-bayt-dakira\/"},"modified":"2020-02-09T12:53:16","modified_gmt":"2020-02-09T17:53:16","slug":"exceptionnel-momentum-ne-de-la-visite-royale-a-bayt-dakira","status":"publish","type":"post","link":"https:\/\/linitiative.ca\/International\/exceptionnel-momentum-ne-de-la-visite-royale-a-bayt-dakira\/","title":{"rendered":"Exceptionnel momentum n\u00e9 de la visite Royale \u00e0 Bayt Dakira"},"content":{"rendered":"<div readability=\"43\">\n<p>.<br \/>Essaouira \u2013 La r\u00e9union \u00e0 Bayt Dakira du Centre d\u2019Etudes et de Recherches sur le Droit H\u00e9bra\u00efque au Maroc, dans le cadre de sa 4\u00e8me Rencontre scientifique, et l\u2019annonce \u00e0 cette occasion de la mise en chantier du projet de l\u2019Institut INSANIA \u00ab\u00a0donnent tout son sens et sa profonde l\u00e9gitimit\u00e9 \u00e0 l\u2019exceptionnel momentum n\u00e9 de la visite historique de Sa Majest\u00e9 le Roi Mohammed VI, il y a quelques jours, \u00e0 cet Espace embl\u00e9matique\u00a0\u00bb, a d\u00e9clar\u00e9, samedi \u00e0 Essaouira, M. Andr\u00e9 Azoulay, Conseiller de SM le Roi et Pr\u00e9sident-Fondateur de l\u2019Association Essaouira-Mogador.<\/p>\n<\/div>\n<div readability=\"114\">\n<p>S\u2019exprimant lors de ce conclave, initi\u00e9 en partenariat avec l\u2019Association Essaouira- Mogador et la Fondation allemande Konrad Adenauer Siftung, sous le th\u00e8me \u00ab\u00a0Quand le Maroc donne du sens \u00e0 sa diversit\u00e9 : la singularit\u00e9 du droit h\u00e9bra\u00efque dans le droit national\u00a0\u00bb, M. Azoulay a mis en relief le fait que cette Rencontre scientifique est \u00ab\u00a0exceptionnelle \u00e0 plusieurs \u00e9gards\u00a0\u00bb, notant qu\u2019elle se tient apr\u00e8s la visite historique effectu\u00e9e par SM le Roi \u00e0 cet Espace. \u00ab\u00a0C\u2019est une nouvelle page d\u2019histoire qui s\u2019est \u00e9crite dans cette Maison\u00a0\u00bb, s\u2019est-il f\u00e9licit\u00e9.<\/p>\n<p>A cet effet, le Conseiller de SM le Roi a indiqu\u00e9 que la visite effectu\u00e9e r\u00e9cemment par le Souverain \u00e0 Bayt Dakira a eu un impact \u00ab\u00a0sans pr\u00e9c\u00e9dent, toutes latitudes et Continents confondus\u00a0\u00bb.<\/p>\n<p>Soulignant l\u2019importance de la notion de droit associ\u00e9 aux \u00e9tudes sur la place des juridictions rabbiniques au Maroc, M. Azoulay a aussi mis en avant le caract\u00e8re \u00ab\u00a0imprescriptible et universel\u00a0\u00bb des valeurs de justice, de dignit\u00e9 et de libert\u00e9 qui \u00ab\u00a0ne connaissent ni fronti\u00e8res, ni religions et qui se conjuguent de la m\u00eame fa\u00e7on et avec les m\u00eames exigences pour tous\u00a0\u00bb.<\/p>\n<p>\u00ab\u00a0Ce message, profond\u00e9ment marocain, qui est celui de l\u2019ADN de Bayt Dakira, nous dit qu\u2019il faut d\u2019abord accepter le d\u00e9bat contradictoire et ne pas d\u00e9roger \u00e0 l\u2019universalit\u00e9 et aux fondements de toutes ces valeurs\u00a0\u00bb, a soutenu le Conseiller de SM le Roi.<\/p>\n<p>M. Azoulay a, en outre, tenu \u00e0 saluer la mise en chantier du projet de l\u2019Institut \u00ab\u00a0INSANIA\u00a0\u00bb, initi\u00e9 avec le concours du d\u00e9partement Histoire et Sociologie de l\u2019Universit\u00e9 de Bordeaux, affirmant que ce projet a vocation \u00e0 travailler dans le cadre des travaux sur les Humanit\u00e9s Avanc\u00e9es en partenariat avec les r\u00e9seaux europ\u00e9ens et africains d\u00e9j\u00e0 actifs dans cette discipline.<\/p>\n<p>Lanc\u00e9 \u00e0 l\u2019occasion de cette Rencontre scientifique et acad\u00e9mique de grande envergure, marqu\u00e9e par la participation d\u2019un ar\u00e9opage de personnalit\u00e9s, dont des experts, des chercheurs et des professeurs-universitaires issus de plusieurs \u00e9tablissements, centres et instituts sup\u00e9rieurs de recherche aussi bien au Maroc qu\u2019\u00e0 l\u2019\u00e9tranger, l\u2019Institut \u00ab\u00a0INSANIA\u00a0\u00bb pour les Humanit\u00e9s Avanc\u00e9es en Afrique et en M\u00e9diterran\u00e9e est le premier Institut de ce genre dans les r\u00e9gions d\u2019Afrique du Nord et de l\u2019Ouest.<\/p>\n<p>\u00ab\u00a0INSANIA\u00a0\u00bb se propose, au carrefour d\u2019affluents culturels, religieux et historiques multiples, de mener une politique de d\u00e9veloppement et de diffusion des sciences humaines et sociales, pla\u00e7ant l\u2019humanisme et sa diversit\u00e9 au c\u0153ur de leurs pr\u00e9occupations.<\/p>\n<p>A travers l\u2019accueil de r\u00e9sidents, la mise en place de s\u00e9minaires en r\u00e9sidence et l\u2019organisation de journ\u00e9es internationales, cet \u00e9tablissement, sur le mod\u00e8le des Instituts d\u2019\u00e9tudes avanc\u00e9es qui ont essaim\u00e9 \u00e0 travers le monde, a ainsi pour ambition de contribuer \u00e0 l\u2019\u00e9tude et \u00e0 la connaissance de l\u2019Humain dans ses dimensions culturelles et sociales, et en relation avec son environnement, dans son unit\u00e9 et sa pluralit\u00e9.<\/p>\n<p>A rappeler que plusieurs th\u00e9matiques ont \u00e9t\u00e9 au c\u0153ur des d\u00e9bats et discussions lors de cette 4\u00e8me Rencontre scientifique du Centre d\u2019Etudes et de Recherches sur le Droit H\u00e9bra\u00efque au Maroc, \u00e0 savoir \u00ab\u00a0La centralit\u00e9 de la tol\u00e9rance dans la pens\u00e9e et l\u2019action de SM le Roi\u00a0\u00bb, \u00ab\u00a0Singularit\u00e9s du Royaume au prisme de la culture du dialogue\u00a0\u00bb, \u00ab\u00a0R\u00e9flexions juridiques sur le droit h\u00e9bra\u00efque marocain\u00a0\u00bb, \u00ab\u00a0Des droits de l\u2019Homme aux droits \u00e9conomiques et sociaux\u00a0\u00bb, \u00ab\u00a0Droits et cultures dans les soci\u00e9t\u00e9s musulmanes, le cas marocain\u00a0\u00bb, \u00ab\u00a0La positivisation des normes dans le contexte de l\u2019Afrique musulmane\u00a0\u00bb, \u00ab\u00a0Les principes rabbiniques d\u2019interpr\u00e9tation juridique\u00a0\u00bb et \u00ab\u00a0La tradition orale jud\u00e9o-amazighe, un patrimoine culturel singulier\u00a0\u00bb.<\/p>\n<\/div>\n<p>Auteur: Meriem IGASS<br \/>\n<a href=\"http:\/\/www.mapmarrakech.ma\/fr\/bayt-dakira-2\/\">Cliquez ici pour lire l&rsquo;article depuis sa source.<\/a><\/p>\n","protected":false},"excerpt":{"rendered":"<p>.Essaouira \u2013 La r\u00e9union \u00e0 Bayt Dakira du Centre d\u2019Etudes et de Recherches sur le Droit H\u00e9bra\u00efque au Maroc, dans le cadre de sa 4\u00e8me Rencontre scientifique, et l\u2019annonce \u00e0 cette occasion de la mise en chantier du projet de l\u2019Institut INSANIA \u00ab\u00a0donnent tout son sens et sa profonde l\u00e9gitimit\u00e9 \u00e0 l\u2019exceptionnel momentum n\u00e9 de [&hellip;]<\/p>\n","protected":false},"author":1788,"featured_media":0,"comment_status":"closed","ping_status":"closed","sticky":false,"template":"","format":"standard","meta":{"fifu_image_url":"","fifu_image_alt":"","footnotes":""},"categories":[54,76],"tags":[],"class_list":["post-75591","post","type-post","status-publish","format-standard","hentry","category-maroc","category-regions"],"_links":{"self":[{"href":"https:\/\/linitiative.ca\/International\/wp-json\/wp\/v2\/posts\/75591","targetHints":{"allow":["GET"]}}],"collection":[{"href":"https:\/\/linitiative.ca\/International\/wp-json\/wp\/v2\/posts"}],"about":[{"href":"https:\/\/linitiative.ca\/International\/wp-json\/wp\/v2\/types\/post"}],"author":[{"embeddable":true,"href":"https:\/\/linitiative.ca\/International\/wp-json\/wp\/v2\/users\/1788"}],"replies":[{"embeddable":true,"href":"https:\/\/linitiative.ca\/International\/wp-json\/wp\/v2\/comments?post=75591"}],"version-history":[{"count":0,"href":"https:\/\/linitiative.ca\/International\/wp-json\/wp\/v2\/posts\/75591\/revisions"}],"wp:attachment":[{"href":"https:\/\/linitiative.ca\/International\/wp-json\/wp\/v2\/media?parent=75591"}],"wp:term":[{"taxonomy":"category","embeddable":true,"href":"https:\/\/linitiative.ca\/International\/wp-json\/wp\/v2\/categories?post=75591"},{"taxonomy":"post_tag","embeddable":true,"href":"https:\/\/linitiative.ca\/International\/wp-json\/wp\/v2\/tags?post=75591"}],"curies":[{"name":"wp","href":"https:\/\/api.w.org\/{rel}","templated":true}]}}