{"id":75592,"date":"2020-02-09T10:05:45","date_gmt":"2020-02-09T15:05:45","guid":{"rendered":"https:\/\/linitiative.ca\/International\/relizane-27-blesses-dans-un-accident-de-la-circulation-a-oued-rhiou\/"},"modified":"2020-02-09T10:05:45","modified_gmt":"2020-02-09T15:05:45","slug":"relizane-27-blesses-dans-un-accident-de-la-circulation-a-oued-rhiou","status":"publish","type":"post","link":"https:\/\/linitiative.ca\/International\/relizane-27-blesses-dans-un-accident-de-la-circulation-a-oued-rhiou\/","title":{"rendered":"Relizane : 27 bless\u00e9s dans un accident de la circulation \u00e0 Oued Rhiou"},"content":{"rendered":"<p><span class=\"sp-nh-title\">Installation du G\u00e9n\u00e9ral Gouasmia, Chef d&rsquo;\u00e9tat-major de la Gendarmerie nationale<\/span> &#8211; <span class=\"sp-nh-date\">dimanche 9 f\u00e9vrier 2020 20:02<\/span><\/p>\n<p><span class=\"sp-nh-title\">N\u00e9cessit\u00e9 de revoir le cahier des charges relatif \u00e0 l&rsquo;installation du GPL<\/span> &#8211; <span class=\"sp-nh-date\">dimanche 9 f\u00e9vrier 2020 19:57<\/span><\/p>\n<p><span class=\"sp-nh-title\">Le pr\u00e9sident sud-africain r\u00e9it\u00e8re son soutien au droit du peuple sahraoui \u00e0 l&rsquo;autod\u00e9termination \u00a0<\/span> &#8211; <span class=\"sp-nh-date\">dimanche 9 f\u00e9vrier 2020 19:54<\/span><\/p>\n<p><span class=\"sp-nh-title\">Plantation de 139.000 plantes am\u00e9ricaines \u00e0 travers trois wilayas de l\u2019Ouest du pays<\/span> &#8211; <span class=\"sp-nh-date\">dimanche 9 f\u00e9vrier 2020 19:50<\/span><\/p>\n<p><span class=\"sp-nh-title\">Karat\u00e9-do \/ Championnats d&rsquo;Afrique : 20 m\u00e9dailles pour l&rsquo;Alg\u00e9rie dont 9 en or<\/span> &#8211; <span class=\"sp-nh-date\">dimanche 9 f\u00e9vrier 2020 19:40<\/span><\/p>\n<p><span class=\"sp-nh-title\">L&rsquo;Alg\u00e9rie a \u00e9labor\u00e9 le rapport national sur l&rsquo;agenda de d\u00e9veloppement durable<\/span> &#8211; <span class=\"sp-nh-date\">dimanche 9 f\u00e9vrier 2020 19:35<\/span><\/p>\n<p><span class=\"sp-nh-title\">Pr\u00e9paration en cours d\u2019assises nationales sur la pr\u00e9servation de l\u2019environnement saharien<\/span> &#8211; <span class=\"sp-nh-date\">dimanche 9 f\u00e9vrier 2020 19:22<\/span><\/p>\n<p><span class=\"sp-nh-title\">Un nouveau mode de gouvernance empreint de rigueur et de transparence<\/span> &#8211; <span class=\"sp-nh-date\">dimanche 9 f\u00e9vrier 2020 19:21<\/span><\/p>\n<p><span class=\"sp-nh-title\">ANP: un militaire tu\u00e9 dans une attaque \u00e0 la voiture pi\u00e9g\u00e9e \u00e0 Timiaouine<\/span> &#8211; <span class=\"sp-nh-date\">dimanche 9 f\u00e9vrier 2020 19:16<\/span><\/p>\n<p><span class=\"sp-nh-title\">Economie circulaire: le secteur priv\u00e9 peut contribuer \u00e0 la cr\u00e9ation de pr\u00e8s de 100.000 emplois\u00a0 \u00a0<\/span> &#8211; <span class=\"sp-nh-date\">dimanche 9 f\u00e9vrier 2020 19:00<\/span><\/p>\n<p><span class=\"sp-nh-title\">L&rsquo;Etat renforcera ses efforts dans la lutte contre le cancer et la prise en charge des malades<\/span> &#8211; <span class=\"sp-nh-date\">dimanche 9 f\u00e9vrier 2020 18:47<\/span><\/p>\n<p><span class=\"sp-nh-title\">44 carrefours prochainement \u00e9quip\u00e9s en feux de signalisation intelligents \u00e0 Alger<\/span> &#8211; <span class=\"sp-nh-date\">dimanche 9 f\u00e9vrier 2020 18:36<\/span><\/p>\n<p><span class=\"sp-nh-title\">Valorisation des d\u00e9chets: atteindre un taux de 30% en 2035 contre 7% actuellement\u00a0 \u00a0<\/span> &#8211; <span class=\"sp-nh-date\">dimanche 9 f\u00e9vrier 2020 18:31<\/span><\/p>\n<p><span class=\"sp-nh-title\">Le pr\u00e9sident Tebboune s\u2019entretient \u00e0 Addis-Abeba avec son homologue du Zimbabwe<\/span> &#8211; <span class=\"sp-nh-date\">dimanche 9 f\u00e9vrier 2020 18:21<\/span><\/p>\n<p><span class=\"sp-nh-title\">SIEERA 2020 : participation de plus de 250 entreprises et startups vertes<\/span> &#8211; <span class=\"sp-nh-date\">dimanche 9 f\u00e9vrier 2020 18:15<\/span><\/p>\n<p><span class=\"sp-nh-title\">Port d\u2019Oran: traitement de plus de 9 millions de tonnes de marchandises en 2019<\/span> &#8211; <span class=\"sp-nh-date\">dimanche 9 f\u00e9vrier 2020 18:05<\/span><\/p>\n<p><span class=\"sp-nh-title\">Allocution du Pr\u00e9sident Tebboune au 33\u00e8me sommet de l&rsquo;UA \u00e0 Addis-Abeba \u00a0<\/span> &#8211; <span class=\"sp-nh-date\">dimanche 9 f\u00e9vrier 2020 17:49<\/span><\/p>\n<p><span class=\"sp-nh-title\">Constantine: projection prochaine d\u2019un film documentaire sur la Vie de R\u00e9dha Houhou\u00a0<\/span> &#8211; <span class=\"sp-nh-date\">dimanche 9 f\u00e9vrier 2020 17:48<\/span><\/p>\n<p><span class=\"sp-nh-title\">Le Pr\u00e9sident Tebboune s\u2019entretient \u00e0 Addis-Abeba avec son homologue malien<\/span> &#8211; <span class=\"sp-nh-date\">dimanche 9 f\u00e9vrier 2020 17:32<\/span><\/p>\n<p><span class=\"sp-nh-title\">\u0650Complot contre l&rsquo;autorit\u00e9 de l&rsquo;Etat et de l&rsquo;Arm\u00e9e: comparution des accus\u00e9s sauf Tartag\u00a0<\/span> &#8211; <span class=\"sp-nh-date\">dimanche 9 f\u00e9vrier 2020 17:17<\/span><\/p>\n<p>Auteur:<br \/>\n<a href=\"http:\/\/www.aps.dz\/regions\/101342-relizane-27-blesses-dans-un-accident-de-la-circulation-a-oued-rhiou\">Cliquez ici pour lire l&rsquo;article depuis sa source.<\/a><\/p>\n","protected":false},"excerpt":{"rendered":"<p>Installation du G\u00e9n\u00e9ral Gouasmia, Chef d&rsquo;\u00e9tat-major de la Gendarmerie nationale &#8211; dimanche 9 f\u00e9vrier 2020 20:02 N\u00e9cessit\u00e9 de revoir le cahier des charges relatif \u00e0 l&rsquo;installation du GPL &#8211; dimanche 9 f\u00e9vrier 2020 19:57 Le pr\u00e9sident sud-africain r\u00e9it\u00e8re son soutien au droit du peuple sahraoui \u00e0 l&rsquo;autod\u00e9termination \u00a0 &#8211; dimanche 9 f\u00e9vrier 2020 19:54 Plantation [&hellip;]<\/p>\n","protected":false},"author":1790,"featured_media":0,"comment_status":"closed","ping_status":"closed","sticky":false,"template":"","format":"standard","meta":{"fifu_image_url":"","fifu_image_alt":"","footnotes":""},"categories":[53,76],"tags":[],"class_list":["post-75592","post","type-post","status-publish","format-standard","hentry","category-algerie","category-regions"],"_links":{"self":[{"href":"https:\/\/linitiative.ca\/International\/wp-json\/wp\/v2\/posts\/75592","targetHints":{"allow":["GET"]}}],"collection":[{"href":"https:\/\/linitiative.ca\/International\/wp-json\/wp\/v2\/posts"}],"about":[{"href":"https:\/\/linitiative.ca\/International\/wp-json\/wp\/v2\/types\/post"}],"author":[{"embeddable":true,"href":"https:\/\/linitiative.ca\/International\/wp-json\/wp\/v2\/users\/1790"}],"replies":[{"embeddable":true,"href":"https:\/\/linitiative.ca\/International\/wp-json\/wp\/v2\/comments?post=75592"}],"version-history":[{"count":0,"href":"https:\/\/linitiative.ca\/International\/wp-json\/wp\/v2\/posts\/75592\/revisions"}],"wp:attachment":[{"href":"https:\/\/linitiative.ca\/International\/wp-json\/wp\/v2\/media?parent=75592"}],"wp:term":[{"taxonomy":"category","embeddable":true,"href":"https:\/\/linitiative.ca\/International\/wp-json\/wp\/v2\/categories?post=75592"},{"taxonomy":"post_tag","embeddable":true,"href":"https:\/\/linitiative.ca\/International\/wp-json\/wp\/v2\/tags?post=75592"}],"curies":[{"name":"wp","href":"https:\/\/api.w.org\/{rel}","templated":true}]}}