{"id":75594,"date":"2020-02-09T12:36:26","date_gmt":"2020-02-09T17:36:26","guid":{"rendered":"https:\/\/linitiative.ca\/International\/44-carrefours-prochainement-equipes-en-feux-de-signalisation-intelligents-a-alger\/"},"modified":"2020-02-09T12:36:26","modified_gmt":"2020-02-09T17:36:26","slug":"44-carrefours-prochainement-equipes-en-feux-de-signalisation-intelligents-a-alger","status":"publish","type":"post","link":"https:\/\/linitiative.ca\/International\/44-carrefours-prochainement-equipes-en-feux-de-signalisation-intelligents-a-alger\/","title":{"rendered":"44 carrefours prochainement \u00e9quip\u00e9s en feux de signalisation intelligents \u00e0 Alger"},"content":{"rendered":"<div readability=\"40\">\n<p><strong>ALGER &#8211; Le wali d&rsquo;Alger, Youcef Cherfa, a annonc\u00e9, dimanche, que 44 carrefours seront prochainement \u00e9quip\u00e9s en feux de signalisation intelligents \u00e0 Alger, dans le cadre de la concr\u00e9tisation du projet de r\u00e9gulation du trafic routier et de l&rsquo;\u00e9clairage public confi\u00e9 \u00e0 la soci\u00e9t\u00e9 mixte Alg\u00e9ro-espagnole MOBEAL.<\/strong><\/p>\n<\/div>\n<div readability=\"86.5\">\n<p>En marge d&rsquo;une visite d&rsquo;inspection de plusieurs projets de travaux publics et de routes, M. Cherfa a indiqu\u00e9 que 44 carrefours seront prochainement \u00e9quip\u00e9s en feux de signalisation intelligents dans le cadre de la premi\u00e8re phase du projet de r\u00e9gulation du trafic routier et de l&rsquo;\u00e9clairage public \u00e0 Alger, confi\u00e9 \u00e0 une soci\u00e9t\u00e9 mixte alg\u00e9ro-espagnole (MOBEAL), et ce apr\u00e8s l&rsquo;ach\u00e8vement de la phase pilote, qui a concern\u00e9 22 autres carrefours dont la mise en service est pr\u00e9vue tr\u00e8s prochainement pour d\u00e9congestionner le trafic routier.<\/p>\n<blockquote readability=\"9\">\n<p><em><strong>Soulignant que la partie alg\u00e9rienne n&rsquo;a pas annul\u00e9 le contrat conclu avec la soci\u00e9t\u00e9 espagnole charg\u00e9e de la mise en place d&rsquo;un syst\u00e8me de r\u00e9gulation du trafic routier et de l&rsquo;\u00e9clairage public au niveau de la capitale, il a fait savoir que le contrat de r\u00e9alisation de ce projet vital est toujours en vigueur.<\/strong><\/em><\/p>\n<\/blockquote>\n<p>Le wali d&rsquo;Alger a fait savoir, \u00e9galement, qu&rsquo;il rencontrera, lundi, les repr\u00e9sentants de la soci\u00e9t\u00e9 espagnole pour examiner les entraves et relancer le projet, dont la premi\u00e8re tranche concerne 200 carrefours sur un total de 500.<\/p>\n<p>Inspectant le projet de la route reliant la rocade sud (hauteur de oued Mazafran) \u00e0 Tassala El Merdja en direction de Zeralda, dont le taux de r\u00e9alisation a atteint 65%, M. Cherfa a fait \u00e9tat de l&rsquo;op\u00e9rationnalisation prochaine, en coordination avec le minist\u00e8re des Travaux publics, du d\u00e9cret ex\u00e9cutif portant r\u00e8glement du dossier d&rsquo;indemnisation des agriculteurs expropri\u00e9s dans le cadre de l&rsquo;ex\u00e9cution de ce projet structurant d&rsquo;utilit\u00e9 publique.<\/p>\n<p>Cette proc\u00e9dure vise \u00e0 acc\u00e9l\u00e9rer la cadence d&rsquo;ex\u00e9cution de ce projet pour sa mise en service au profit des usagers la route axiale reliant 3 wilayas (Tipasa, Alger et Blida), a ajout\u00e9 le wali soulignant que le projet compte 6 grands \u00e9changeurs et 6 grands ouvrages d&rsquo;art.<\/p>\n<p>Au niveau du projet du viaduc de Oued Ouchayah dans son tron\u00e7on Baraki-Blida (deuxi\u00e8me rocade), dont le taux d&rsquo;avancement des travaux est de 96%, le wali d&rsquo;Alger a donn\u00e9 des instructions pour le respect des d\u00e9lais de r\u00e9alisation, soulignant l&rsquo;imp\u00e9ratif de sa r\u00e9ception fin mars 2020.<\/p>\n<blockquote readability=\"12\">\n<p><em><strong>Ce grand projet, dont la r\u00e9alisation a \u00e9t\u00e9 confi\u00e9e \u00e0 l\u2019Entreprise nationale des grands ouvrages d\u2019art (ENGOA), permettra de relier, via une voie rapide, entre Alger-centre et l&rsquo;autoroute est-ouest, notamment pour les poids lourds.<\/strong><\/em><\/p>\n<\/blockquote>\n<p>Par ailleurs, il a fait savoir que dans le cadre de la mise en \u0153uvre d&rsquo;un plan d&rsquo;urgence pour l&rsquo;am\u00e9lioration des conditions de la circulation et de la fluidit\u00e9 routi\u00e8res \u00e0 Alger, le renforcement du r\u00e9seau routier et l&rsquo;acc\u00e9l\u00e9ration de la cadence de r\u00e9alisation des axes routiers et des ouvrages d\u2019art, les services de la wilaya lanceront une campagne de lutte contre le commerce illicite sur les abords de la route, qui entrave et g\u00e8ne le circulation routi\u00e8re.<\/p>\n<\/div>\n<p>Auteur:<br \/>\n<a href=\"http:\/\/www.aps.dz\/regions\/101357-44-carrefours-prochainement-equipes-en-feux-de-signalisation-intelligents-a-alger\">Cliquez ici pour lire l&rsquo;article depuis sa source.<\/a><\/p>\n","protected":false},"excerpt":{"rendered":"<p>ALGER &#8211; Le wali d&rsquo;Alger, Youcef Cherfa, a annonc\u00e9, dimanche, que 44 carrefours seront prochainement \u00e9quip\u00e9s en feux de signalisation intelligents \u00e0 Alger, dans le cadre de la concr\u00e9tisation du projet de r\u00e9gulation du trafic routier et de l&rsquo;\u00e9clairage public confi\u00e9 \u00e0 la soci\u00e9t\u00e9 mixte Alg\u00e9ro-espagnole MOBEAL. En marge d&rsquo;une visite d&rsquo;inspection de plusieurs projets [&hellip;]<\/p>\n","protected":false},"author":1790,"featured_media":0,"comment_status":"closed","ping_status":"closed","sticky":false,"template":"","format":"standard","meta":{"fifu_image_url":"","fifu_image_alt":"","footnotes":""},"categories":[53,76],"tags":[],"class_list":["post-75594","post","type-post","status-publish","format-standard","hentry","category-algerie","category-regions"],"_links":{"self":[{"href":"https:\/\/linitiative.ca\/International\/wp-json\/wp\/v2\/posts\/75594","targetHints":{"allow":["GET"]}}],"collection":[{"href":"https:\/\/linitiative.ca\/International\/wp-json\/wp\/v2\/posts"}],"about":[{"href":"https:\/\/linitiative.ca\/International\/wp-json\/wp\/v2\/types\/post"}],"author":[{"embeddable":true,"href":"https:\/\/linitiative.ca\/International\/wp-json\/wp\/v2\/users\/1790"}],"replies":[{"embeddable":true,"href":"https:\/\/linitiative.ca\/International\/wp-json\/wp\/v2\/comments?post=75594"}],"version-history":[{"count":0,"href":"https:\/\/linitiative.ca\/International\/wp-json\/wp\/v2\/posts\/75594\/revisions"}],"wp:attachment":[{"href":"https:\/\/linitiative.ca\/International\/wp-json\/wp\/v2\/media?parent=75594"}],"wp:term":[{"taxonomy":"category","embeddable":true,"href":"https:\/\/linitiative.ca\/International\/wp-json\/wp\/v2\/categories?post=75594"},{"taxonomy":"post_tag","embeddable":true,"href":"https:\/\/linitiative.ca\/International\/wp-json\/wp\/v2\/tags?post=75594"}],"curies":[{"name":"wp","href":"https:\/\/api.w.org\/{rel}","templated":true}]}}