{"id":75595,"date":"2020-02-09T13:22:43","date_gmt":"2020-02-09T18:22:43","guid":{"rendered":"https:\/\/linitiative.ca\/International\/preparation-en-cours-dassises-nationales-sur-la-preservation-de-lenvironnement-saharien\/"},"modified":"2020-02-09T13:22:43","modified_gmt":"2020-02-09T18:22:43","slug":"preparation-en-cours-dassises-nationales-sur-la-preservation-de-lenvironnement-saharien","status":"publish","type":"post","link":"https:\/\/linitiative.ca\/International\/preparation-en-cours-dassises-nationales-sur-la-preservation-de-lenvironnement-saharien\/","title":{"rendered":"Pr\u00e9paration en cours d\u2019assises nationales sur la pr\u00e9servation de l\u2019environnement saharien"},"content":{"rendered":"<div readability=\"36\">\n<p><strong>ADRAR &#8211; Les pr\u00e9paratifs sont en cours pour l\u2019organisation \u00ab\u00a0dans les prochains jours\u00a0\u00bb d\u2019assises nationales sur la pr\u00e9servation de l\u2019environnement saharien, a affirm\u00e9 dimanche \u00e0 Adrar le ministre d\u00e9l\u00e9gu\u00e9 charg\u00e9 de l\u2019Environnement saharien, Hamza Al Sid Cheikh.<\/strong><\/p>\n<\/div>\n<div readability=\"85\">\n<p>\u00ab\u00a0Les pr\u00e9paratifs sont en cours pour l\u2019organisation, dans les prochains jours, d\u2019assises nationales sur la pr\u00e9servation de l\u2019environnement saharien qui constitueront un espace de concertation sur la recherche de voies efficientes pour concr\u00e9tiser cet objectif\u00a0\u00bb, a indiqu\u00e9 le ministre d\u00e9l\u00e9gu\u00e9 qui effectue une visite de travail dans cette wilaya du Sud.<\/p>\n<blockquote readability=\"12\">\n<p><em><strong>M.Al Sid Cheikh, qui s&rsquo;\u00e9tait int\u00e9ress\u00e9 \u00e0 des \u00e9chantillons de travaux de recherche sur la protection de l\u2019environnement effectu\u00e9s par les Laboratoires scientifiques de l\u2019Universit\u00e9 d\u2019Adrar, a saisi l\u2019opportunit\u00e9 pour appuyer la sollicitation des responsables de l\u2019Universit\u00e9 visant l\u2019organisation, par cette derni\u00e8re, d\u2019une journ\u00e9e d\u2019\u00e9tude dont les conclusions enrichiront les travaux des prochaines assises nationales sur la pr\u00e9servation de l\u2019Environnement saharien.<\/strong><\/em><\/p>\n<\/blockquote>\n<p>M.Al Sid Cheikh s\u2019est enquis, par ailleurs, des modes de gestion et de traitement des d\u00e9chets de la raffinerie de Sebaa, avant d&rsquo;inspecter le chantier de r\u00e9alisation d\u2019un grand bassin de collecte et de traitement des eaux us\u00e9es provenant de l\u2019activit\u00e9 de raffinage.<\/p>\n<p>le ministre d\u00e9l\u00e9gu\u00e9 charg\u00e9 de l\u2019Environnement saharien a mis l\u2019accent sur le respect des mesures de pr\u00e9vention \u00e0 travers l\u2019ensemble des installations industrielles, afin de pr\u00e9server l\u2019environnement et la biodiversit\u00e9, avant de saluer l\u2019exp\u00e9rience acquise par le groupe Sonatrach, en charge de la gestion de la raffinerie en question, et son engagement \u00e0 adopter toutes les mesures susceptibles de r\u00e9duire les \u00e9manations de gaz.<\/p>\n<p>Soulignant l\u2019importance du volet l\u00e9gislatif dans la s\u00e9rie de mesures pr\u00e9ventives contenues dans le plan Environnement, le ministre d\u00e9l\u00e9gu\u00e9 s\u2019est dit attendre des prochaines assises nationales qu\u2019elles contribuent \u00e0 l\u2019enrichissement du cadre r\u00e9glementaire pour \u00e9laborer une loi sp\u00e9cifique de pr\u00e9servation de l\u2019environnement saharien et de lutte contre la d\u00e9sertification, \u00e0 la lumi\u00e8re d\u2019exp\u00e9riences de quelques pays.<\/p>\n<blockquote readability=\"10\">\n<p><em><strong>Lors de son inspection de la ferme \u00e9olienne (10 m\u00e9gawatts) de Kabert\u00e8ne, au nord d\u2019Adrar, Hamza Al Sid Cheikh a appel\u00e9 \u00e0 accorder un grand int\u00e9r\u00eat \u00e0 la formation des jeunes dans les sp\u00e9cialit\u00e9s li\u00e9es aux \u00e9nergies propres, notamment en ce qui concerne le volet maintenance.<\/strong><\/em><\/p>\n<\/blockquote>\n<p>Au terme de sa visite de travail de deux jours dans la wilaya d\u2019Adrar, le ministre d\u00e9l\u00e9gu\u00e9 charg\u00e9 de l\u2019Environnement saharien s\u2019est enquis, \u00e0 Timimoun, d\u2019une exp\u00e9rience de raccordement d\u2019un syst\u00e8me d\u2019irrigation traditionnel d\u2019une palmeraie (foggara) \u00e0 l\u2019\u00e9nergie solaire.<\/p>\n<p>M.Al Sid Cheikh a r\u00e9v\u00e9l\u00e9, dans ce cadre, le lancement prochain, par son d\u00e9partement minist\u00e9riel, d\u2019un programme promotionnel visant la pr\u00e9servation et l\u2019entretien des palmeraies, un patrimoine environnemental tr\u00e8s ancien dans le Sud alg\u00e9rien.<\/p>\n<\/div>\n<p>Auteur:<br \/>\n<a href=\"http:\/\/www.aps.dz\/regions\/101363-preparation-en-cours-d-assises-nationales-sur-la-preservation-de-l-environnement-saharien\">Cliquez ici pour lire l&rsquo;article depuis sa source.<\/a><\/p>\n","protected":false},"excerpt":{"rendered":"<p>ADRAR &#8211; Les pr\u00e9paratifs sont en cours pour l\u2019organisation \u00ab\u00a0dans les prochains jours\u00a0\u00bb d\u2019assises nationales sur la pr\u00e9servation de l\u2019environnement saharien, a affirm\u00e9 dimanche \u00e0 Adrar le ministre d\u00e9l\u00e9gu\u00e9 charg\u00e9 de l\u2019Environnement saharien, Hamza Al Sid Cheikh. \u00ab\u00a0Les pr\u00e9paratifs sont en cours pour l\u2019organisation, dans les prochains jours, d\u2019assises nationales sur la pr\u00e9servation de l\u2019environnement [&hellip;]<\/p>\n","protected":false},"author":1790,"featured_media":0,"comment_status":"closed","ping_status":"closed","sticky":false,"template":"","format":"standard","meta":{"fifu_image_url":"","fifu_image_alt":"","footnotes":""},"categories":[53,76],"tags":[],"class_list":["post-75595","post","type-post","status-publish","format-standard","hentry","category-algerie","category-regions"],"_links":{"self":[{"href":"https:\/\/linitiative.ca\/International\/wp-json\/wp\/v2\/posts\/75595","targetHints":{"allow":["GET"]}}],"collection":[{"href":"https:\/\/linitiative.ca\/International\/wp-json\/wp\/v2\/posts"}],"about":[{"href":"https:\/\/linitiative.ca\/International\/wp-json\/wp\/v2\/types\/post"}],"author":[{"embeddable":true,"href":"https:\/\/linitiative.ca\/International\/wp-json\/wp\/v2\/users\/1790"}],"replies":[{"embeddable":true,"href":"https:\/\/linitiative.ca\/International\/wp-json\/wp\/v2\/comments?post=75595"}],"version-history":[{"count":0,"href":"https:\/\/linitiative.ca\/International\/wp-json\/wp\/v2\/posts\/75595\/revisions"}],"wp:attachment":[{"href":"https:\/\/linitiative.ca\/International\/wp-json\/wp\/v2\/media?parent=75595"}],"wp:term":[{"taxonomy":"category","embeddable":true,"href":"https:\/\/linitiative.ca\/International\/wp-json\/wp\/v2\/categories?post=75595"},{"taxonomy":"post_tag","embeddable":true,"href":"https:\/\/linitiative.ca\/International\/wp-json\/wp\/v2\/tags?post=75595"}],"curies":[{"name":"wp","href":"https:\/\/api.w.org\/{rel}","templated":true}]}}