{"id":75597,"date":"2020-02-09T15:14:20","date_gmt":"2020-02-09T20:14:20","guid":{"rendered":"https:\/\/linitiative.ca\/International\/pros-fares-sur-le-banc-contre-sassuolo\/"},"modified":"2020-02-09T15:14:20","modified_gmt":"2020-02-09T20:14:20","slug":"pros-fares-sur-le-banc-contre-sassuolo","status":"publish","type":"post","link":"https:\/\/linitiative.ca\/International\/pros-fares-sur-le-banc-contre-sassuolo\/","title":{"rendered":"Pros : Fares sur le banc contre Sassuolo"},"content":{"rendered":"<div readability=\"32\">\n<p>Auteur : <span>Moumen A.<\/span> <span class=\"time\">dimanche 09 f\u00e9vrier 2020 18:29<\/span><\/p>\n<\/div>\n<div id=\"post_core\" readability=\"40\">\n<p>Apr\u00e8s plus de 6 mois d\u2019absence en raison d\u2019une grosse blessure au genou, l\u2019Alg\u00e9rien Mohamed Salim Fares est de retour. Ayant pris part \u00e0 un match avec la r\u00e9serve de Spal, cet apr\u00e8s-midi l\u2019arri\u00e8re gauche de l\u2019Equipe nationale\u00a0 a \u00e9t\u00e9 convoqu\u00e9. Il s\u2019est content\u00e9 de suivre la d\u00e9faire de ses co\u00e9quipiers \u00e0 partir du banc des rempla\u00e7ants, face \u00e0 Sassuolo. Son entraineur annonce son retour pour le compte de la prochaine empoignade contre Lecce.<\/p>\n<p><strong>Publi\u00e9 dans :<\/strong> <span>Brahimi et Fares<\/span><\/p>\n<\/div>\n<p>Auteur:<br \/>\n<a href=\"http:\/\/www.lebuteur.com\/article\/detail?titre=fares-sur-le-banc-contre-sassuolo&#038;id=94722&#038;utm_source=feedburner&#038;utm_medium=feed&#038;utm_campaign=Feed%3A+GalerieFArtciles+%28Les+derniers+articles++-+lebuteur.com%29\">Cliquez ici pour lire l&rsquo;article depuis sa source.<\/a><\/p>\n","protected":false},"excerpt":{"rendered":"<p>Auteur : Moumen A. dimanche 09 f\u00e9vrier 2020 18:29 Apr\u00e8s plus de 6 mois d\u2019absence en raison d\u2019une grosse blessure au genou, l\u2019Alg\u00e9rien Mohamed Salim Fares est de retour. Ayant pris part \u00e0 un match avec la r\u00e9serve de Spal, cet apr\u00e8s-midi l\u2019arri\u00e8re gauche de l\u2019Equipe nationale\u00a0 a \u00e9t\u00e9 convoqu\u00e9. Il s\u2019est content\u00e9 de suivre [&hellip;]<\/p>\n","protected":false},"author":1738,"featured_media":75598,"comment_status":"closed","ping_status":"closed","sticky":false,"template":"","format":"standard","meta":{"fifu_image_url":"","fifu_image_alt":"","footnotes":""},"categories":[53,75],"tags":[],"class_list":["post-75597","post","type-post","status-publish","format-standard","has-post-thumbnail","hentry","category-algerie","category-sport"],"_links":{"self":[{"href":"https:\/\/linitiative.ca\/International\/wp-json\/wp\/v2\/posts\/75597","targetHints":{"allow":["GET"]}}],"collection":[{"href":"https:\/\/linitiative.ca\/International\/wp-json\/wp\/v2\/posts"}],"about":[{"href":"https:\/\/linitiative.ca\/International\/wp-json\/wp\/v2\/types\/post"}],"author":[{"embeddable":true,"href":"https:\/\/linitiative.ca\/International\/wp-json\/wp\/v2\/users\/1738"}],"replies":[{"embeddable":true,"href":"https:\/\/linitiative.ca\/International\/wp-json\/wp\/v2\/comments?post=75597"}],"version-history":[{"count":0,"href":"https:\/\/linitiative.ca\/International\/wp-json\/wp\/v2\/posts\/75597\/revisions"}],"wp:featuredmedia":[{"embeddable":true,"href":"https:\/\/linitiative.ca\/International\/wp-json\/"}],"wp:attachment":[{"href":"https:\/\/linitiative.ca\/International\/wp-json\/wp\/v2\/media?parent=75597"}],"wp:term":[{"taxonomy":"category","embeddable":true,"href":"https:\/\/linitiative.ca\/International\/wp-json\/wp\/v2\/categories?post=75597"},{"taxonomy":"post_tag","embeddable":true,"href":"https:\/\/linitiative.ca\/International\/wp-json\/wp\/v2\/tags?post=75597"}],"curies":[{"name":"wp","href":"https:\/\/api.w.org\/{rel}","templated":true}]}}