{"id":75607,"date":"2020-02-08T18:00:00","date_gmt":"2020-02-08T23:00:00","guid":{"rendered":"https:\/\/linitiative.ca\/International\/comite-technique-opep-prolonger-la-reduction-de-la-production-a-fin-2020\/"},"modified":"2020-02-08T18:00:00","modified_gmt":"2020-02-08T23:00:00","slug":"comite-technique-opep-prolonger-la-reduction-de-la-production-a-fin-2020","status":"publish","type":"post","link":"https:\/\/linitiative.ca\/International\/comite-technique-opep-prolonger-la-reduction-de-la-production-a-fin-2020\/","title":{"rendered":"Comit\u00e9 technique OPEP :  Prolonger la r\u00e9duction de la production  \u00e0 fin 2020"},"content":{"rendered":"<p>Ces recommandations du JTC viennent en r\u00e9ponse aux r\u00e9percussions de l\u2019\u00e9pid\u00e9mie de coronavirus qui \u00aba un effet n\u00e9gatif sur la demande p\u00e9troli\u00e8re et sur les march\u00e9s p\u00e9troliers\u00bb, souligne le ministre, cit\u00e9 par un communiqu\u00e9 du minist\u00e8re de l\u2019Energie.<\/p>\n<p>\u00abL\u2019\u00e9pid\u00e9mie de coronavirus a un impact n\u00e9gatif sur les activit\u00e9s \u00e9conomiques, et notamment sur les secteurs du transport, du tourisme et de l\u2019industrie, particuli\u00e8rement en Chine, et aussi de plus en plus dans la r\u00e9gion asiatique et progressivement dans le monde. Par voie de cons\u00e9quence cette \u00e9pid\u00e9mie a un effet n\u00e9gatif sur la demande p\u00e9troli\u00e8re et sur les march\u00e9s p\u00e9troliers\u00bb, a affirm\u00e9 le ministre.<\/p>\n<p>A cet effet, le Comit\u00e9 technique conjoint OPEP-non OPEP (Opep+), r\u00e9uni entre mardi et jeudi au si\u00e8ge de l\u2019OPEP \u00e0 Vienne, a \u00abrecommand\u00e9 de prolonger jusqu\u2019\u00e0 la fin de l\u2019ann\u00e9e 2020 l\u2019accord actuel de r\u00e9duction de la production\u00bb, selon le ministre.<\/p>\n<p>Le comit\u00e9 a \u00e9galement recommand\u00e9 de proc\u00e9der \u00e0 une r\u00e9duction additionnelle de production jusqu\u2019\u00e0 la fin du deuxi\u00e8me trimestre de 2020, avance encore le ministre qui \u00absoutient les conclusions du JTC\u00bb.<\/p>\n<p>M. Arkab compte, poursuit le communiqu\u00e9, \u00abcontinuer ses consultations avec les pays membres de l\u2019OPEP et les pays non-OPEP participant \u00e0 la D\u00e9claration de Coop\u00e9ration pour rechercher des solutions consensuelles, sur la base de ladite proposition du Comit\u00e9 technique, afin de pouvoir stabiliser rapidement le march\u00e9 p\u00e9trolier et faire face \u00e0 la crise actuelle\u00bb.<\/p>\n<p>Se disant optimiste, le ministre souligne que \u00abla situation est claire, elle exige des actions correctives dans l\u2019int\u00e9r\u00eat de tous\u00bb.<\/p>\n<p>Il a enfin tenu \u00e0 exprimer la sympathie et la solidarit\u00e9 de l\u2019Alg\u00e9rie et de l\u2019OPEP avec la Chine, se disant confiant dans la capacit\u00e9 et la d\u00e9termination de ce pays ami \u00e0 contenir l\u2019\u00e9pid\u00e9mie de coronavirus, tout en lui souhaitant tout le succ\u00e8s dans son combat face \u00e0 cette crise, ajoute la m\u00eame source.\u00a0<\/p>\n<p>Auteur: elmoudjahid<br \/>\n<a href=\"http:\/\/www.elmoudjahid.com\/fr\/actualites\/148208\">Cliquez ici pour lire l&rsquo;article depuis sa source.<\/a><\/p>\n","protected":false},"excerpt":{"rendered":"<p>Ces recommandations du JTC viennent en r\u00e9ponse aux r\u00e9percussions de l\u2019\u00e9pid\u00e9mie de coronavirus qui \u00aba un effet n\u00e9gatif sur la demande p\u00e9troli\u00e8re et sur les march\u00e9s p\u00e9troliers\u00bb, souligne le ministre, cit\u00e9 par un communiqu\u00e9 du minist\u00e8re de l\u2019Energie. \u00abL\u2019\u00e9pid\u00e9mie de coronavirus a un impact n\u00e9gatif sur les activit\u00e9s \u00e9conomiques, et notamment sur les secteurs du [&hellip;]<\/p>\n","protected":false},"author":1744,"featured_media":0,"comment_status":"closed","ping_status":"closed","sticky":false,"template":"","format":"standard","meta":{"fifu_image_url":"","fifu_image_alt":"","footnotes":""},"categories":[73,53],"tags":[],"class_list":["post-75607","post","type-post","status-publish","format-standard","hentry","category-actualite","category-algerie"],"_links":{"self":[{"href":"https:\/\/linitiative.ca\/International\/wp-json\/wp\/v2\/posts\/75607","targetHints":{"allow":["GET"]}}],"collection":[{"href":"https:\/\/linitiative.ca\/International\/wp-json\/wp\/v2\/posts"}],"about":[{"href":"https:\/\/linitiative.ca\/International\/wp-json\/wp\/v2\/types\/post"}],"author":[{"embeddable":true,"href":"https:\/\/linitiative.ca\/International\/wp-json\/wp\/v2\/users\/1744"}],"replies":[{"embeddable":true,"href":"https:\/\/linitiative.ca\/International\/wp-json\/wp\/v2\/comments?post=75607"}],"version-history":[{"count":0,"href":"https:\/\/linitiative.ca\/International\/wp-json\/wp\/v2\/posts\/75607\/revisions"}],"wp:attachment":[{"href":"https:\/\/linitiative.ca\/International\/wp-json\/wp\/v2\/media?parent=75607"}],"wp:term":[{"taxonomy":"category","embeddable":true,"href":"https:\/\/linitiative.ca\/International\/wp-json\/wp\/v2\/categories?post=75607"},{"taxonomy":"post_tag","embeddable":true,"href":"https:\/\/linitiative.ca\/International\/wp-json\/wp\/v2\/tags?post=75607"}],"curies":[{"name":"wp","href":"https:\/\/api.w.org\/{rel}","templated":true}]}}