{"id":75608,"date":"2020-02-08T18:00:00","date_gmt":"2020-02-08T23:00:00","guid":{"rendered":"https:\/\/linitiative.ca\/International\/energies-renouvelables-valoriser-la-recherche\/"},"modified":"2020-02-08T18:00:00","modified_gmt":"2020-02-08T23:00:00","slug":"energies-renouvelables-valoriser-la-recherche","status":"publish","type":"post","link":"https:\/\/linitiative.ca\/International\/energies-renouvelables-valoriser-la-recherche\/","title":{"rendered":"\u00c9nergies renouvelables  : Valoriser la recherche"},"content":{"rendered":"<p>Pr\u00e9sidant le coup d\u2019envoi d\u2019une campagne de nettoiement et de boisement sur la route de l\u2019a\u00e9roport Cheikh Sidi Mohamed Belkebir d\u2019Adrar, dans le cadre de sa visite de travail dans la r\u00e9gion, M. Al Sid Cheikh a mis en avant l\u2019importance de d\u00e9velopper l\u2019\u00e9conomie circulaire et de valoriser la recherche scientifique sur les \u00e9nergies renouvelables, avant d\u2019appeler \u00e0 accorder davantage d\u2019importance \u00e0 l\u2019environnement et d\u2019ancrer la culture environnementale en milieu soci\u00e9tal.<\/p>\n<p>Le ministre d\u00e9l\u00e9gu\u00e9 a exhort\u00e9, \u00e0 cette occasion, les associations locales \u00e0 d\u00e9ployer leurs efforts dans la diffusion de la culture environnementale chez les citoyens qui, a-t-il dit, constituent un maillon important dans la r\u00e9alisation du d\u00e9veloppement durable, tout en insistant sur la priorit\u00e9 \u00e0 accorder, lors des campagnes de reboisement, aux arbres b\u00e9n\u00e9fiques du point de vue \u00e9conomique.<\/p>\n<p>Apr\u00e8s s\u2019\u00eatre enquis de mod\u00e8les mont\u00e9s au niveau de l\u2019unit\u00e9 de d\u00e9veloppement de la recherche en \u00e9nergies renouvelables en milieu saharien \u00abUDRER-MS\u00bb, M. Al Sid Cheikh a insist\u00e9 sur la valorisation de la recherche scientifique li\u00e9e au domaine, notamment celle portant pr\u00e9servation de l\u2019environnement par leur exploitation en milieu professionnel en vue de satisfaire les exigences du d\u00e9veloppement \u00e9conomique local, particuli\u00e8rement dans le secteur de l\u2019agriculture et des services.<\/p>\n<p>Le programme de transition \u00e9nerg\u00e9tique vise, a-t-il dit \u00e0 ce propos, \u00e0 atteindre cet objectif, ajoutant que le secteur de l\u2019environnement entend atteindre, \u00e0 moyen terme, une production de 1.000 M\u00e9gawatts \u00e0 partir des \u00e9nergies renouvelables.<\/p>\n<p>Le ministre d\u00e9l\u00e9gu\u00e9 charg\u00e9 de l\u2019Environnement a, \u00e0 ce titre, appel\u00e9 les organismes et associations locales de mener l\u2019op\u00e9ration au niveau local pour mettre en valeur les diff\u00e9rentes r\u00e9alisations dans les domaines de l\u2019environnement et des \u00e9nergies renouvelables \u00e0 la faveur de la dynamisation des exp\u00e9riences scientifiques et appliqu\u00e9es et contribuer, par cons\u00e9quent, \u00e0 assurer \u00e0 l\u2019\u00e9conomie nationale un bond et diversification qualitatif, en plus de la consolidation de la mission de l\u2019universit\u00e9 par l\u2019ouverture des fili\u00e8res dans les domaines de l\u2019environnement, de recyclage des d\u00e9chets eu \u00e9gard \u00e0 leurs retomb\u00e9es \u00e9conomiques positives sur l\u2019\u00e9conomie et l\u2019environnement.\u00a0<\/p>\n<p>Auteur: elmoudjahid<br \/>\n<a href=\"http:\/\/www.elmoudjahid.com\/fr\/actualites\/148209\">Cliquez ici pour lire l&rsquo;article depuis sa source.<\/a><\/p>\n","protected":false},"excerpt":{"rendered":"<p>Pr\u00e9sidant le coup d\u2019envoi d\u2019une campagne de nettoiement et de boisement sur la route de l\u2019a\u00e9roport Cheikh Sidi Mohamed Belkebir d\u2019Adrar, dans le cadre de sa visite de travail dans la r\u00e9gion, M. Al Sid Cheikh a mis en avant l\u2019importance de d\u00e9velopper l\u2019\u00e9conomie circulaire et de valoriser la recherche scientifique sur les \u00e9nergies renouvelables, [&hellip;]<\/p>\n","protected":false},"author":1744,"featured_media":0,"comment_status":"closed","ping_status":"closed","sticky":false,"template":"","format":"standard","meta":{"fifu_image_url":"","fifu_image_alt":"","footnotes":""},"categories":[73,53],"tags":[],"class_list":["post-75608","post","type-post","status-publish","format-standard","hentry","category-actualite","category-algerie"],"_links":{"self":[{"href":"https:\/\/linitiative.ca\/International\/wp-json\/wp\/v2\/posts\/75608","targetHints":{"allow":["GET"]}}],"collection":[{"href":"https:\/\/linitiative.ca\/International\/wp-json\/wp\/v2\/posts"}],"about":[{"href":"https:\/\/linitiative.ca\/International\/wp-json\/wp\/v2\/types\/post"}],"author":[{"embeddable":true,"href":"https:\/\/linitiative.ca\/International\/wp-json\/wp\/v2\/users\/1744"}],"replies":[{"embeddable":true,"href":"https:\/\/linitiative.ca\/International\/wp-json\/wp\/v2\/comments?post=75608"}],"version-history":[{"count":0,"href":"https:\/\/linitiative.ca\/International\/wp-json\/wp\/v2\/posts\/75608\/revisions"}],"wp:attachment":[{"href":"https:\/\/linitiative.ca\/International\/wp-json\/wp\/v2\/media?parent=75608"}],"wp:term":[{"taxonomy":"category","embeddable":true,"href":"https:\/\/linitiative.ca\/International\/wp-json\/wp\/v2\/categories?post=75608"},{"taxonomy":"post_tag","embeddable":true,"href":"https:\/\/linitiative.ca\/International\/wp-json\/wp\/v2\/tags?post=75608"}],"curies":[{"name":"wp","href":"https:\/\/api.w.org\/{rel}","templated":true}]}}