{"id":75609,"date":"2020-02-08T18:00:00","date_gmt":"2020-02-08T23:00:00","guid":{"rendered":"https:\/\/linitiative.ca\/International\/cercle-de-leau-ameliorer-les-performances-du-secteur\/"},"modified":"2020-02-08T18:00:00","modified_gmt":"2020-02-08T23:00:00","slug":"cercle-de-leau-ameliorer-les-performances-du-secteur","status":"publish","type":"post","link":"https:\/\/linitiative.ca\/International\/cercle-de-leau-ameliorer-les-performances-du-secteur\/","title":{"rendered":"Cercle de l\u2019eau :  Am\u00e9liorer les performances  du secteur"},"content":{"rendered":"<p>S&rsquo;exprimant \u00e0 l&rsquo;occasion de la tenue de la premi\u00e8re r\u00e9union du Cercle au niveau du \u00abfoyer de l&rsquo;eau\u00bb (promenade des Sablettes), le ministre des Ressources en eau, Arezki Berraki a fait savoir que cet espace regroupait des cadres du secteur, des chercheurs et des universitaires sp\u00e9cialistes du domaine.<\/p>\n<p>La cr\u00e9ation de ce cercle vise \u00e0 tirer profit des exp\u00e9riences et des expertises des cadres retrait\u00e9s du secteur des ressources en eau \u00e9tant \u00abune m\u00e9moire vivante\u00bb du secteur, a soulign\u00e9 le ministre, ajoutant que ces derniers disposent de connaissances permettant de contribuer \u00e0 la bonne gestion du secteur et d&rsquo;aider le minist\u00e8re \u00e0 r\u00e9soudre les probl\u00e8mes relatifs \u00e0 l&rsquo;eau.\u00a0<\/p>\n<p>M. Berraki a affirm\u00e9, dans ce cadre, que son d\u00e9partement s&rsquo;\u00e9tait fix\u00e9 pour priorit\u00e9, l&rsquo;am\u00e9lioration de l&rsquo;approvisionnement et de la qualit\u00e9 de l&rsquo;eau potable, relevant que \u00abdes efforts importants avaient \u00e9t\u00e9 consentis en termes de r\u00e9alisation de structures, de r\u00e9seaux de distribution et de collecte de l&rsquo;eau\u00bb. D&rsquo;autres probl\u00e8mes subsistent toutefois, principalement en ce qui concerne l&rsquo;approvisionnement en eau potable des citoyens des r\u00e9gions isol\u00e9es et la distribution r\u00e9guli\u00e8re de cette ressource, a-t-il ajout\u00e9. Le Cercle se penchera lors de sa prochaine rencontre sur la question de l&rsquo;am\u00e9lioration du service public en mati\u00e8re d&rsquo;eau, a fait savoir le ministre, affirmant que la particularit\u00e9 de cet espace r\u00e9sidait dans l&rsquo;\u00e9change libre des id\u00e9es et des points de vue, et la formulation de propositions \u00e0 m\u00eame de corriger les erreurs du pass\u00e9. Il permettra aussi de raffermir les liens professionnels et humains entre les cadres retrait\u00e9s et les responsables actuels du secteur.\u00a0<\/p>\n<p>Le ministre a indiqu\u00e9, par ailleurs que son secteur s&#8217;employait \u00e0 la r\u00e9vision du syst\u00e8me juridique du secteur, \u00e0 travers l&rsquo;examen des lois en vue de leur adaptation \u00e0 la nouvelle strat\u00e9gie trac\u00e9e \u00e0 l&rsquo;horizon 2025 et des priorit\u00e9s du secteur, ajoutant que les membres du cercle peuvent contribuer, en formulant des propositions en la mati\u00e8re.\u00a0<\/p>\n<p>Pour ce qui est Plan d&rsquo;urgence pr\u00e9vu pour le secteur,\u00a0 M. Berraki a indiqu\u00e9 que sur instruction du pr\u00e9sident de la R\u00e9publique, M. Abdelmadjib Tebboune, un programme interminist\u00e9riel entre le minist\u00e8re des Ressources en eau et le minist\u00e8re de l&rsquo;Int\u00e9rieur a \u00e9t\u00e9 trac\u00e9, \u00aben vue d&rsquo;une prise en charge de suite des r\u00e9gions recul\u00e9es\u00bb.\u00a0<\/p>\n<p>Pour leur part, les cadres retrait\u00e9s ont salu\u00e9 l&rsquo;initiative de cr\u00e9ation du Cercle de l&rsquo;eau, assurant de leur disposition \u00e0 mettre leurs exp\u00e9rience et savoir au service de l&rsquo;am\u00e9lioration de la performance du secteur.<\/p>\n<p>Cette rencontre a \u00e9t\u00e9 un occasion pour certains de ces retrait\u00e9s de mettre en avant la n\u00e9cessit\u00e9 de d\u00e9velopper le dessalement de l&rsquo;eau de mer pour faire face aux retomb\u00e9es des changements climatiques sur les ressources en eau, d&rsquo;encourager les industries permettant ce d\u00e9veloppement et de tirer profit de l&rsquo;universit\u00e9 en mati\u00e8re de recherche.\u00a0<\/p>\n<p>Auteur: elmoudjahid<br \/>\n<a href=\"http:\/\/www.elmoudjahid.com\/fr\/actualites\/148210\">Cliquez ici pour lire l&rsquo;article depuis sa source.<\/a><\/p>\n","protected":false},"excerpt":{"rendered":"<p>S&rsquo;exprimant \u00e0 l&rsquo;occasion de la tenue de la premi\u00e8re r\u00e9union du Cercle au niveau du \u00abfoyer de l&rsquo;eau\u00bb (promenade des Sablettes), le ministre des Ressources en eau, Arezki Berraki a fait savoir que cet espace regroupait des cadres du secteur, des chercheurs et des universitaires sp\u00e9cialistes du domaine. La cr\u00e9ation de ce cercle vise \u00e0 [&hellip;]<\/p>\n","protected":false},"author":1744,"featured_media":0,"comment_status":"closed","ping_status":"closed","sticky":false,"template":"","format":"standard","meta":{"fifu_image_url":"","fifu_image_alt":"","footnotes":""},"categories":[73,53],"tags":[],"class_list":["post-75609","post","type-post","status-publish","format-standard","hentry","category-actualite","category-algerie"],"_links":{"self":[{"href":"https:\/\/linitiative.ca\/International\/wp-json\/wp\/v2\/posts\/75609","targetHints":{"allow":["GET"]}}],"collection":[{"href":"https:\/\/linitiative.ca\/International\/wp-json\/wp\/v2\/posts"}],"about":[{"href":"https:\/\/linitiative.ca\/International\/wp-json\/wp\/v2\/types\/post"}],"author":[{"embeddable":true,"href":"https:\/\/linitiative.ca\/International\/wp-json\/wp\/v2\/users\/1744"}],"replies":[{"embeddable":true,"href":"https:\/\/linitiative.ca\/International\/wp-json\/wp\/v2\/comments?post=75609"}],"version-history":[{"count":0,"href":"https:\/\/linitiative.ca\/International\/wp-json\/wp\/v2\/posts\/75609\/revisions"}],"wp:attachment":[{"href":"https:\/\/linitiative.ca\/International\/wp-json\/wp\/v2\/media?parent=75609"}],"wp:term":[{"taxonomy":"category","embeddable":true,"href":"https:\/\/linitiative.ca\/International\/wp-json\/wp\/v2\/categories?post=75609"},{"taxonomy":"post_tag","embeddable":true,"href":"https:\/\/linitiative.ca\/International\/wp-json\/wp\/v2\/tags?post=75609"}],"curies":[{"name":"wp","href":"https:\/\/api.w.org\/{rel}","templated":true}]}}