{"id":75610,"date":"2020-02-09T11:30:00","date_gmt":"2020-02-09T16:30:00","guid":{"rendered":"https:\/\/linitiative.ca\/International\/installation-du-general-gouasmia-dans-ses-fonctions-de-chef-detat-major-de-la-gendarmerie-nationale\/"},"modified":"2020-02-09T11:30:00","modified_gmt":"2020-02-09T16:30:00","slug":"installation-du-general-gouasmia-dans-ses-fonctions-de-chef-detat-major-de-la-gendarmerie-nationale","status":"publish","type":"post","link":"https:\/\/linitiative.ca\/International\/installation-du-general-gouasmia-dans-ses-fonctions-de-chef-detat-major-de-la-gendarmerie-nationale\/","title":{"rendered":"Installation du G\u00e9n\u00e9ral Gouasmia dans ses fonctions de Chef d&rsquo;\u00e9tat-major de la Gendarmerie nationale"},"content":{"rendered":"<p>Cette installation intervient \u00ab\u00a0en application du d\u00e9cret pr\u00e9sidentiel du 6 f\u00e9vrier 2020 portant nomination du G\u00e9n\u00e9ral Gouasmia Nouredine dans les missions du chef d&rsquo;\u00e9tat-major de la Gendarmerie nationale\u00a0\u00bb.\u00a0<\/p>\n<p>A cette occasion, le Commandant de la GN a appel\u00e9 les \u00e9tats-majors de la GN, repr\u00e9sent\u00e9s en Chefs des instances centrales, \u00e0 \u00ab\u00a0la conjugaison des efforts et \u00e0 la collaboration \u00e9troite avec sinc\u00e9rit\u00e9 et fid\u00e9lit\u00e9 dans l&rsquo;exercice des missions d\u00e9volues \u00e0 l&rsquo;institution de la GN, au service de la Patrie et du citoyen\u00a0\u00bb.<\/p>\n<p>Le g\u00e9n\u00e9ral Arrar a \u00e9galement adress\u00e9 ses f\u00e9licitations au G\u00e9n\u00e9ral Gouasmia Nouredine, suite \u00e0 sa nomination au poste de chef d&rsquo;\u00e9tat-major de la GN, ainsi que ses v\u0153ux de \u00ab\u00a0r\u00e9ussite et de succ\u00e8s dans sa nouvelle mission\u00a0\u00bb, saluant \u00ab\u00a0ses comp\u00e9tences d&rsquo;encadrement et professionnelles\u00a0\u00bb. (APS)<\/p>\n<p>Auteur: elmoudjahid<br \/>\n<a href=\"http:\/\/www.elmoudjahid.com\/fr\/actualites\/148213\">Cliquez ici pour lire l&rsquo;article depuis sa source.<\/a><\/p>\n","protected":false},"excerpt":{"rendered":"<p>Cette installation intervient \u00ab\u00a0en application du d\u00e9cret pr\u00e9sidentiel du 6 f\u00e9vrier 2020 portant nomination du G\u00e9n\u00e9ral Gouasmia Nouredine dans les missions du chef d&rsquo;\u00e9tat-major de la Gendarmerie nationale\u00a0\u00bb.\u00a0 A cette occasion, le Commandant de la GN a appel\u00e9 les \u00e9tats-majors de la GN, repr\u00e9sent\u00e9s en Chefs des instances centrales, \u00e0 \u00ab\u00a0la conjugaison des efforts et [&hellip;]<\/p>\n","protected":false},"author":1744,"featured_media":0,"comment_status":"closed","ping_status":"closed","sticky":false,"template":"","format":"standard","meta":{"fifu_image_url":"","fifu_image_alt":"","footnotes":""},"categories":[73,53],"tags":[],"class_list":["post-75610","post","type-post","status-publish","format-standard","hentry","category-actualite","category-algerie"],"_links":{"self":[{"href":"https:\/\/linitiative.ca\/International\/wp-json\/wp\/v2\/posts\/75610","targetHints":{"allow":["GET"]}}],"collection":[{"href":"https:\/\/linitiative.ca\/International\/wp-json\/wp\/v2\/posts"}],"about":[{"href":"https:\/\/linitiative.ca\/International\/wp-json\/wp\/v2\/types\/post"}],"author":[{"embeddable":true,"href":"https:\/\/linitiative.ca\/International\/wp-json\/wp\/v2\/users\/1744"}],"replies":[{"embeddable":true,"href":"https:\/\/linitiative.ca\/International\/wp-json\/wp\/v2\/comments?post=75610"}],"version-history":[{"count":0,"href":"https:\/\/linitiative.ca\/International\/wp-json\/wp\/v2\/posts\/75610\/revisions"}],"wp:attachment":[{"href":"https:\/\/linitiative.ca\/International\/wp-json\/wp\/v2\/media?parent=75610"}],"wp:term":[{"taxonomy":"category","embeddable":true,"href":"https:\/\/linitiative.ca\/International\/wp-json\/wp\/v2\/categories?post=75610"},{"taxonomy":"post_tag","embeddable":true,"href":"https:\/\/linitiative.ca\/International\/wp-json\/wp\/v2\/tags?post=75610"}],"curies":[{"name":"wp","href":"https:\/\/api.w.org\/{rel}","templated":true}]}}