{"id":75611,"date":"2020-02-09T10:42:00","date_gmt":"2020-02-09T15:42:00","guid":{"rendered":"https:\/\/linitiative.ca\/International\/proces-pour-complot-contre-lautorite-de-letat-et-de-larmee-comparution-de-tous-les-accuses-a-lexception-de-tartag-avocat\/"},"modified":"2020-02-09T10:42:00","modified_gmt":"2020-02-09T15:42:00","slug":"proces-pour-complot-contre-lautorite-de-letat-et-de-larmee-comparution-de-tous-les-accuses-a-lexception-de-tartag-avocat","status":"publish","type":"post","link":"https:\/\/linitiative.ca\/International\/proces-pour-complot-contre-lautorite-de-letat-et-de-larmee-comparution-de-tous-les-accuses-a-lexception-de-tartag-avocat\/","title":{"rendered":"Proc\u00e8s pour complot contre l&rsquo;autorit\u00e9 de l&rsquo;Etat et de l&rsquo;Arm\u00e9e: comparution  de tous les accus\u00e9s \u00e0 l&rsquo;exception de Tartag (avocat)"},"content":{"rendered":"<p>\u00ab\u00a0Le proc\u00e8s s&rsquo;est d\u00e9roul\u00e9 normalement en pr\u00e9sence de tous les inculp\u00e9s sauf Athmane Tartag\u00a0\u00bb, a fait savoir M. Bourayou, d\u00e9clarant \u00ab\u00a0ce que nous attendons c&rsquo;est l&rsquo;application stricte de la loi\u00a0\u00bb.<\/p>\n<p>M\u00a0 Bourayou a pr\u00e9cis\u00e9 que \u00ab\u00a0la matin\u00e9e, c&rsquo;est Mohamed Medi\u00e8ne qui a \u00e9t\u00e9 auditionn\u00e9 et, qui apr\u00e8s avoir rappel\u00e9 tout son parcours au service du pays, a affirm\u00e9 \u00eatre le premier \u00e0 avoir men\u00e9 une campagne anti-corruption\u00a0\u00bb, en Alg\u00e9rie.Il a ajout\u00e9 que \u00ab\u00a0Sa\u00efd Bouteflika et Louisa Hanoune seront entendus,\u00a0<\/p>\n<p>l&rsquo;apr\u00e8s midi\u00a0\u00bb, a-t-il ajout\u00e9 soulignant que le proc\u00e8s se poursuivra lundi (demain).<\/p>\n<p>Pr\u00e9cisant que \u00ab\u00a0lors de la s\u00e9ance d&rsquo;aujourd&rsquo;hui, l&rsquo;ancien pr\u00e9sident du Conseil constitutionnel a \u00e9t\u00e9 consult\u00e9\u00a0\u00bb, M Bourayou a d\u00e9clar\u00e9 que ce dernier a estim\u00e9 que cette affaire \u00ab\u00a0ne peut \u00eatre qualifi\u00e9e de complot ou atteinte contre le r\u00e9gime\u00a0\u00bb.Il a affirm\u00e9, \u00e0 ce propos, que \u00ab\u00a0le recours au Conseil constitutionnel r\u00e9fute le caract\u00e8re p\u00e9nal de la rencontre qui a eu lieu entre les accus\u00e9s\u00a0\u00bb.\u00a0<\/p>\n<p>(APS)<\/p>\n<p>Auteur: elmoudjahid<br \/>\n<a href=\"http:\/\/www.elmoudjahid.com\/fr\/actualites\/148215\">Cliquez ici pour lire l&rsquo;article depuis sa source.<\/a><\/p>\n","protected":false},"excerpt":{"rendered":"<p>\u00ab\u00a0Le proc\u00e8s s&rsquo;est d\u00e9roul\u00e9 normalement en pr\u00e9sence de tous les inculp\u00e9s sauf Athmane Tartag\u00a0\u00bb, a fait savoir M. Bourayou, d\u00e9clarant \u00ab\u00a0ce que nous attendons c&rsquo;est l&rsquo;application stricte de la loi\u00a0\u00bb. M\u00a0 Bourayou a pr\u00e9cis\u00e9 que \u00ab\u00a0la matin\u00e9e, c&rsquo;est Mohamed Medi\u00e8ne qui a \u00e9t\u00e9 auditionn\u00e9 et, qui apr\u00e8s avoir rappel\u00e9 tout son parcours au service du [&hellip;]<\/p>\n","protected":false},"author":1744,"featured_media":0,"comment_status":"closed","ping_status":"closed","sticky":false,"template":"","format":"standard","meta":{"fifu_image_url":"","fifu_image_alt":"","footnotes":""},"categories":[73,53],"tags":[],"class_list":["post-75611","post","type-post","status-publish","format-standard","hentry","category-actualite","category-algerie"],"_links":{"self":[{"href":"https:\/\/linitiative.ca\/International\/wp-json\/wp\/v2\/posts\/75611","targetHints":{"allow":["GET"]}}],"collection":[{"href":"https:\/\/linitiative.ca\/International\/wp-json\/wp\/v2\/posts"}],"about":[{"href":"https:\/\/linitiative.ca\/International\/wp-json\/wp\/v2\/types\/post"}],"author":[{"embeddable":true,"href":"https:\/\/linitiative.ca\/International\/wp-json\/wp\/v2\/users\/1744"}],"replies":[{"embeddable":true,"href":"https:\/\/linitiative.ca\/International\/wp-json\/wp\/v2\/comments?post=75611"}],"version-history":[{"count":0,"href":"https:\/\/linitiative.ca\/International\/wp-json\/wp\/v2\/posts\/75611\/revisions"}],"wp:attachment":[{"href":"https:\/\/linitiative.ca\/International\/wp-json\/wp\/v2\/media?parent=75611"}],"wp:term":[{"taxonomy":"category","embeddable":true,"href":"https:\/\/linitiative.ca\/International\/wp-json\/wp\/v2\/categories?post=75611"},{"taxonomy":"post_tag","embeddable":true,"href":"https:\/\/linitiative.ca\/International\/wp-json\/wp\/v2\/tags?post=75611"}],"curies":[{"name":"wp","href":"https:\/\/api.w.org\/{rel}","templated":true}]}}