{"id":75618,"date":"2020-02-09T11:43:00","date_gmt":"2020-02-09T16:43:00","guid":{"rendered":"https:\/\/linitiative.ca\/International\/les-declarations-du-ministre-choquent-les-malades-cancereux\/"},"modified":"2020-02-09T11:43:00","modified_gmt":"2020-02-09T16:43:00","slug":"les-declarations-du-ministre-choquent-les-malades-cancereux","status":"publish","type":"post","link":"https:\/\/linitiative.ca\/International\/les-declarations-du-ministre-choquent-les-malades-cancereux\/","title":{"rendered":"Les d\u00e9clarations du ministre choquent les malades canc\u00e9reux !"},"content":{"rendered":"<p><br id=\"sep_para_1\" class=\"sep_para access\"\/><\/p>\n<div id=\"para_1\" class=\"para_35463345 resize\">\n<div class=\"photo shadow left\"><a href=\"javascript:void(0)\" rel=\"https:\/\/www.reflexiondz.net\/photo\/art\/grande\/42617072-35463345.jpg?v=1581275811&#038;ibox\" title=\"Les d\u00e9clarations du ministre choquent les malades canc\u00e9reux !\"><img decoding=\"async\" class=\"responsive c9\" src=\"https:\/\/www.reflexiondz.net\/photo\/art\/grande\/42617072-35463345.jpg?v=1581275811\" alt=\"Les d\u00e9clarations du ministre choquent les malades canc\u00e9reux !\" title=\"Les d\u00e9clarations du ministre choquent les malades canc\u00e9reux !\"\/><img decoding=\"async\" class=\"not-responsive\" src=\"https:\/\/www.reflexiondz.net\/photo\/art\/default\/42617072-35463345.jpg?v=1581275811\" alt=\"Les d\u00e9clarations du ministre choquent les malades canc\u00e9reux !\" title=\"Les d\u00e9clarations du ministre choquent les malades canc\u00e9reux !\"\/><\/a><\/div>\n<div class=\"texte access firstletter\">Lors de son allocution prononc\u00e9e \u00e0 l\u2019ouverture d\u2019une journ\u00e9e d\u2019\u00e9tude internationale sur les tumeurs des nerfs \u00e0 l\u2019h\u00f4tel Al Djaza\u00efr\u00a0 \u00e0 Alger, le\u00a0 ministre de la Sant\u00e9, de la Population et de la R\u00e9forme hospitali\u00e8re, Abderrahmane Benbouzid a d\u00e9clar\u00e9 que l\u2019Etat n\u2019\u00e9tait pas en mesure d\u2019acqu\u00e9rir de nouveaux m\u00e9dicaments destin\u00e9s au traitement des cancers en raison de la crise \u00e9conomique qui s\u2019abat sur le pays ! Le ministre de la Sant\u00e9 a dit que les nouveaux m\u00e9dicaments \u00e9taient tr\u00e8s couteux et qu\u2019ils ne peuvent pas \u00eatre utilis\u00e9s pour le traitement de tous les cancers, affirmant en revanche que l\u2019Etat s\u2019engage \u00e0 offrir tous les m\u00e9dicaments de base aux malades canc\u00e9reux. Par ailleurs, le ministre a propos\u00e9 la mise en place d\u2019une commission nationale qui se chargera d\u2019examiner les cas ayant besoin de type de m\u00e9dicaments innov\u00e9s. Abderrahmane Benbouzid a fait savoir que des centres de lutte contre le cancer seront r\u00e9ceptionn\u00e9s prochainement \u00e0 El Oued, B\u00e9char et Adrar.<\/div>\n<\/div>\n<p>Auteur: R\u00e9flexion<br \/>\n<a href=\"https:\/\/www.reflexiondz.net\/Les-declarations-du-ministre-choquent-les-malades-cancereux-_a60544.html\">Cliquez ici pour lire l&rsquo;article depuis sa source.<\/a><\/p>\n","protected":false},"excerpt":{"rendered":"<p>Lors de son allocution prononc\u00e9e \u00e0 l\u2019ouverture d\u2019une journ\u00e9e d\u2019\u00e9tude internationale sur les tumeurs des nerfs \u00e0 l\u2019h\u00f4tel Al Djaza\u00efr\u00a0 \u00e0 Alger, le\u00a0 ministre de la Sant\u00e9, de la Population et de la R\u00e9forme hospitali\u00e8re, Abderrahmane Benbouzid a d\u00e9clar\u00e9 que l\u2019Etat n\u2019\u00e9tait pas en mesure d\u2019acqu\u00e9rir de nouveaux m\u00e9dicaments destin\u00e9s au traitement des cancers en [&hellip;]<\/p>\n","protected":false},"author":1740,"featured_media":0,"comment_status":"closed","ping_status":"closed","sticky":false,"template":"","format":"standard","meta":{"fifu_image_url":"","fifu_image_alt":"","footnotes":""},"categories":[53,76],"tags":[],"class_list":["post-75618","post","type-post","status-publish","format-standard","hentry","category-algerie","category-regions"],"_links":{"self":[{"href":"https:\/\/linitiative.ca\/International\/wp-json\/wp\/v2\/posts\/75618","targetHints":{"allow":["GET"]}}],"collection":[{"href":"https:\/\/linitiative.ca\/International\/wp-json\/wp\/v2\/posts"}],"about":[{"href":"https:\/\/linitiative.ca\/International\/wp-json\/wp\/v2\/types\/post"}],"author":[{"embeddable":true,"href":"https:\/\/linitiative.ca\/International\/wp-json\/wp\/v2\/users\/1740"}],"replies":[{"embeddable":true,"href":"https:\/\/linitiative.ca\/International\/wp-json\/wp\/v2\/comments?post=75618"}],"version-history":[{"count":0,"href":"https:\/\/linitiative.ca\/International\/wp-json\/wp\/v2\/posts\/75618\/revisions"}],"wp:attachment":[{"href":"https:\/\/linitiative.ca\/International\/wp-json\/wp\/v2\/media?parent=75618"}],"wp:term":[{"taxonomy":"category","embeddable":true,"href":"https:\/\/linitiative.ca\/International\/wp-json\/wp\/v2\/categories?post=75618"},{"taxonomy":"post_tag","embeddable":true,"href":"https:\/\/linitiative.ca\/International\/wp-json\/wp\/v2\/tags?post=75618"}],"curies":[{"name":"wp","href":"https:\/\/api.w.org\/{rel}","templated":true}]}}