{"id":75619,"date":"2020-02-09T11:43:00","date_gmt":"2020-02-09T16:43:00","guid":{"rendered":"https:\/\/linitiative.ca\/International\/revision-de-la-constitution-le-parti-fan-contribuera-avec-des-propositions\/"},"modified":"2020-02-09T11:43:00","modified_gmt":"2020-02-09T16:43:00","slug":"revision-de-la-constitution-le-parti-fan-contribuera-avec-des-propositions","status":"publish","type":"post","link":"https:\/\/linitiative.ca\/International\/revision-de-la-constitution-le-parti-fan-contribuera-avec-des-propositions\/","title":{"rendered":"REVISION DE LA CONSTITUTION : Le parti FAN contribuera avec des propositions"},"content":{"rendered":"<p><br id=\"sep_para_1\" class=\"sep_para access\"\/><\/p>\n<div id=\"para_1\" class=\"para_35463338 resize\">\n<div class=\"texte access firstletter\">Le pr\u00e9sident du Front de l\u2019Alg\u00e9rie nouvelle (FAN), Djamel Benbadssalem a d\u00e9clar\u00e9, samedi \u00e0 Sidi Bel-Abb\u00e8s, que son parti participera avec des propositions aux consultations sur la r\u00e9vision de la Constitution, auxquelles a appel\u00e9 le Pr\u00e9sident de la R\u00e9publique, M. Abdelmadjid Tebboune. Animant un meeting populaire \u00e0 la biblioth\u00e8que principale de lecture publique \u00ab\u00a0Moudjahid Mohamed Kebbati\u00a0\u00bb, en pr\u00e9sence des militants du parti, Djamel Benabdeslam a soulign\u00e9 que \u00ab\u00a0le Front de l\u2019Alg\u00e9rie nouvelle est dispos\u00e9 et pr\u00eat \u00e0 participer aux consultations portant sur la r\u00e9vision de la Constitution pour pr\u00e9senter sa vision sur ce qu&rsquo;il voit comme b\u00e9n\u00e9fique pour l&rsquo;Alg\u00e9rie et son peuple\u00a0\u00bb. Rappelant la position du parti quant aux \u00e9lections pr\u00e9sidentielles du 12 d\u00e9cembre, M. Benabdessalem a indiqu\u00e9 que le FAN avait insist\u00e9 sur la participation \u00e0 ce vote pour \u00e9lire un pr\u00e9sident l\u00e9gitime de la R\u00e9publique alg\u00e9rienne comme solution \u00e0 la crise et pour faire face aux probl\u00e8mes internes et externes du pays et les enjeux et risques auquel il est confront\u00e9.<\/div>\n<\/div>\n<p>Auteur: Ismain<br \/>\n<a href=\"https:\/\/www.reflexiondz.net\/REVISION-DE-LA-CONSTITUTION-Le-parti-FAN-contribuera-avec-des-propositions_a60543.html\">Cliquez ici pour lire l&rsquo;article depuis sa source.<\/a><\/p>\n","protected":false},"excerpt":{"rendered":"<p>Le pr\u00e9sident du Front de l\u2019Alg\u00e9rie nouvelle (FAN), Djamel Benbadssalem a d\u00e9clar\u00e9, samedi \u00e0 Sidi Bel-Abb\u00e8s, que son parti participera avec des propositions aux consultations sur la r\u00e9vision de la Constitution, auxquelles a appel\u00e9 le Pr\u00e9sident de la R\u00e9publique, M. Abdelmadjid Tebboune. Animant un meeting populaire \u00e0 la biblioth\u00e8que principale de lecture publique \u00ab\u00a0Moudjahid Mohamed [&hellip;]<\/p>\n","protected":false},"author":1740,"featured_media":0,"comment_status":"closed","ping_status":"closed","sticky":false,"template":"","format":"standard","meta":{"fifu_image_url":"","fifu_image_alt":"","footnotes":""},"categories":[53,76],"tags":[],"class_list":["post-75619","post","type-post","status-publish","format-standard","hentry","category-algerie","category-regions"],"_links":{"self":[{"href":"https:\/\/linitiative.ca\/International\/wp-json\/wp\/v2\/posts\/75619","targetHints":{"allow":["GET"]}}],"collection":[{"href":"https:\/\/linitiative.ca\/International\/wp-json\/wp\/v2\/posts"}],"about":[{"href":"https:\/\/linitiative.ca\/International\/wp-json\/wp\/v2\/types\/post"}],"author":[{"embeddable":true,"href":"https:\/\/linitiative.ca\/International\/wp-json\/wp\/v2\/users\/1740"}],"replies":[{"embeddable":true,"href":"https:\/\/linitiative.ca\/International\/wp-json\/wp\/v2\/comments?post=75619"}],"version-history":[{"count":0,"href":"https:\/\/linitiative.ca\/International\/wp-json\/wp\/v2\/posts\/75619\/revisions"}],"wp:attachment":[{"href":"https:\/\/linitiative.ca\/International\/wp-json\/wp\/v2\/media?parent=75619"}],"wp:term":[{"taxonomy":"category","embeddable":true,"href":"https:\/\/linitiative.ca\/International\/wp-json\/wp\/v2\/categories?post=75619"},{"taxonomy":"post_tag","embeddable":true,"href":"https:\/\/linitiative.ca\/International\/wp-json\/wp\/v2\/tags?post=75619"}],"curies":[{"name":"wp","href":"https:\/\/api.w.org\/{rel}","templated":true}]}}