{"id":75620,"date":"2020-02-09T11:43:00","date_gmt":"2020-02-09T16:43:00","guid":{"rendered":"https:\/\/linitiative.ca\/International\/le-proces-fodil-boumala-reporte\/"},"modified":"2020-02-09T11:43:00","modified_gmt":"2020-02-09T16:43:00","slug":"le-proces-fodil-boumala-reporte","status":"publish","type":"post","link":"https:\/\/linitiative.ca\/International\/le-proces-fodil-boumala-reporte\/","title":{"rendered":"Le proc\u00e8s Fodil Boumala report\u00e9"},"content":{"rendered":"<p><br id=\"sep_para_1\" class=\"sep_para access\"\/><\/p>\n<div id=\"para_1\" class=\"para_35463348 resize\">\n<div class=\"texte access firstletter\">Programm\u00e9 pour ce dimanche 9 f\u00e9vrier, le proc\u00e8s du journaliste et militant politique Fodil Boumala a \u00e9t\u00e9 report\u00e9 de deux semaines. Le tribunal de Dar El-Beida, \u00e0 l\u2019est d\u2019Alger, a d\u00e9cid\u00e9 du report du proc\u00e8s de Fodil Boumala au 23 f\u00e9vrier prochain. Le proc\u00e8s devait s\u2019ouvrir ce dimanche matin, avec une forte pr\u00e9sence de plusieurs militants et avocats. Cependant, le tribunal a d\u00e9cid\u00e9 de reporter le proc\u00e8s tout en rejetant la demande de la d\u00e9fense pour une lib\u00e9ration provisoire du journaliste. Pour rappel, M. Boumala est poursuivi pour les chefs d\u2019inculpation \u00ab d\u2019atteinte \u00e0 l\u2019int\u00e9grit\u00e9 du territoire national\u00bb et \u00abatteinte \u00e0 l\u2019unit\u00e9 nationale\u00bb, sur la base des articles 79 et 96 du code p\u00e9nal, Boumala a \u00e9t\u00e9 plac\u00e9 sous mandat de d\u00e9p\u00f4t \u00e0 la prison d\u2019El Harrach, le 19 septembre 2019, soit au lendemain de son arrestation.<\/div>\n<\/div>\n<p>Auteur: R\u00e9flexion<br \/>\n<a href=\"https:\/\/www.reflexiondz.net\/Le-proces-Fodil-Boumala-reporte_a60545.html\">Cliquez ici pour lire l&rsquo;article depuis sa source.<\/a><\/p>\n","protected":false},"excerpt":{"rendered":"<p>Programm\u00e9 pour ce dimanche 9 f\u00e9vrier, le proc\u00e8s du journaliste et militant politique Fodil Boumala a \u00e9t\u00e9 report\u00e9 de deux semaines. Le tribunal de Dar El-Beida, \u00e0 l\u2019est d\u2019Alger, a d\u00e9cid\u00e9 du report du proc\u00e8s de Fodil Boumala au 23 f\u00e9vrier prochain. Le proc\u00e8s devait s\u2019ouvrir ce dimanche matin, avec une forte pr\u00e9sence de plusieurs [&hellip;]<\/p>\n","protected":false},"author":1740,"featured_media":0,"comment_status":"closed","ping_status":"closed","sticky":false,"template":"","format":"standard","meta":{"fifu_image_url":"","fifu_image_alt":"","footnotes":""},"categories":[53,76],"tags":[],"class_list":["post-75620","post","type-post","status-publish","format-standard","hentry","category-algerie","category-regions"],"_links":{"self":[{"href":"https:\/\/linitiative.ca\/International\/wp-json\/wp\/v2\/posts\/75620","targetHints":{"allow":["GET"]}}],"collection":[{"href":"https:\/\/linitiative.ca\/International\/wp-json\/wp\/v2\/posts"}],"about":[{"href":"https:\/\/linitiative.ca\/International\/wp-json\/wp\/v2\/types\/post"}],"author":[{"embeddable":true,"href":"https:\/\/linitiative.ca\/International\/wp-json\/wp\/v2\/users\/1740"}],"replies":[{"embeddable":true,"href":"https:\/\/linitiative.ca\/International\/wp-json\/wp\/v2\/comments?post=75620"}],"version-history":[{"count":0,"href":"https:\/\/linitiative.ca\/International\/wp-json\/wp\/v2\/posts\/75620\/revisions"}],"wp:attachment":[{"href":"https:\/\/linitiative.ca\/International\/wp-json\/wp\/v2\/media?parent=75620"}],"wp:term":[{"taxonomy":"category","embeddable":true,"href":"https:\/\/linitiative.ca\/International\/wp-json\/wp\/v2\/categories?post=75620"},{"taxonomy":"post_tag","embeddable":true,"href":"https:\/\/linitiative.ca\/International\/wp-json\/wp\/v2\/tags?post=75620"}],"curies":[{"name":"wp","href":"https:\/\/api.w.org\/{rel}","templated":true}]}}