{"id":75621,"date":"2020-02-09T13:55:00","date_gmt":"2020-02-09T18:55:00","guid":{"rendered":"https:\/\/linitiative.ca\/International\/benabdelmalek-ramdane-mostaganem-un-cadavre-trouve-dans-les-filets-dun-pecheur\/"},"modified":"2020-02-09T13:55:00","modified_gmt":"2020-02-09T18:55:00","slug":"benabdelmalek-ramdane-mostaganem-un-cadavre-trouve-dans-les-filets-dun-pecheur","status":"publish","type":"post","link":"https:\/\/linitiative.ca\/International\/benabdelmalek-ramdane-mostaganem-un-cadavre-trouve-dans-les-filets-dun-pecheur\/","title":{"rendered":"BENABDELMALEK RAMDANE-MOSTAGANEM : Un cadavre trouv\u00e9 dans les filets d\u2019un p\u00eacheur"},"content":{"rendered":"<p><br id=\"sep_para_1\" class=\"sep_para access\"\/><\/p>\n<div id=\"para_1\" class=\"para_35464460 resize\">\n<div class=\"photo shadow left\"><a href=\"javascript:void(0)\" rel=\"https:\/\/www.reflexiondz.net\/photo\/art\/grande\/42620650-35464460.jpg?v=1581275823&#038;ibox\" title=\"BENABDELMALEK RAMDANE-MOSTAGANEM : Un cadavre trouv\u00e9 dans les filets d\u2019un p\u00eacheur\"><img decoding=\"async\" class=\"responsive c9\" src=\"https:\/\/www.reflexiondz.net\/photo\/art\/grande\/42620650-35464460.jpg?v=1581275823\" alt=\"BENABDELMALEK RAMDANE-MOSTAGANEM : Un cadavre trouv\u00e9 dans les filets d\u2019un p\u00eacheur\" title=\"BENABDELMALEK RAMDANE-MOSTAGANEM : Un cadavre trouv\u00e9 dans les filets d\u2019un p\u00eacheur\"\/><img decoding=\"async\" class=\"not-responsive\" src=\"https:\/\/www.reflexiondz.net\/photo\/art\/default\/42620650-35464460.jpg?v=1581275824\" alt=\"BENABDELMALEK RAMDANE-MOSTAGANEM : Un cadavre trouv\u00e9 dans les filets d\u2019un p\u00eacheur\" title=\"BENABDELMALEK RAMDANE-MOSTAGANEM : Un cadavre trouv\u00e9 dans les filets d\u2019un p\u00eacheur\"\/><\/a><\/div>\n<div class=\"texte access firstletter\">Le corps d\u2019une personne non identifi\u00e9e, d\u00e9couvert par des p\u00eacheurs \u00e0 l\u2019aube au large de Benabdelmalek Ramdane, a \u00e9t\u00e9 rep\u00each\u00e9, a-t-on appris aupr\u00e8s des services de la protection civile de Mostaganem Le corps en \u00e9tat de d\u00e9composition avanc\u00e9e, d\u00e9couvert dans un filet de p\u00eache, a \u00e9t\u00e9 remis au port commercial de Mostaganem \u00e0 l\u2019unit\u00e9 de la protection civile qui l&rsquo;a transf\u00e9r\u00e9 \u00e0 son tour vers la morgue de l\u2019\u00e9tablissement hospitalier \u00ab\u00a0Che Guevara\u00a0\u00bb, a-t-on indiqu\u00e9 avan\u00e7ant l&rsquo;hypoth\u00e8se qu&rsquo;il s&rsquo;agirait d\u2019un jeune candidat \u00e0 l\u2019\u00e9migration clandestine dont la tentative a \u00e9chou\u00e9 cette semaine. Les c\u00f4tes de Mostaganem ont enregistr\u00e9, cette semaine, la disparition de plusieurs harraga \u00e0 bord de petites embarcations.\u00a0\u00a0\u00a0\u00a0\u00a0<\/div>\n<\/div>\n<p>Auteur: Smain<br \/>\n<a href=\"https:\/\/www.reflexiondz.net\/BENABDELMALEK-RAMDANE-MOSTAGANEM-Un-cadavre-trouve-dans-les-filets-d-un-pecheur_a60547.html\">Cliquez ici pour lire l&rsquo;article depuis sa source.<\/a><\/p>\n","protected":false},"excerpt":{"rendered":"<p>Le corps d\u2019une personne non identifi\u00e9e, d\u00e9couvert par des p\u00eacheurs \u00e0 l\u2019aube au large de Benabdelmalek Ramdane, a \u00e9t\u00e9 rep\u00each\u00e9, a-t-on appris aupr\u00e8s des services de la protection civile de Mostaganem Le corps en \u00e9tat de d\u00e9composition avanc\u00e9e, d\u00e9couvert dans un filet de p\u00eache, a \u00e9t\u00e9 remis au port commercial de Mostaganem \u00e0 l\u2019unit\u00e9 de [&hellip;]<\/p>\n","protected":false},"author":1740,"featured_media":0,"comment_status":"closed","ping_status":"closed","sticky":false,"template":"","format":"standard","meta":{"fifu_image_url":"","fifu_image_alt":"","footnotes":""},"categories":[53,76],"tags":[],"class_list":["post-75621","post","type-post","status-publish","format-standard","hentry","category-algerie","category-regions"],"_links":{"self":[{"href":"https:\/\/linitiative.ca\/International\/wp-json\/wp\/v2\/posts\/75621","targetHints":{"allow":["GET"]}}],"collection":[{"href":"https:\/\/linitiative.ca\/International\/wp-json\/wp\/v2\/posts"}],"about":[{"href":"https:\/\/linitiative.ca\/International\/wp-json\/wp\/v2\/types\/post"}],"author":[{"embeddable":true,"href":"https:\/\/linitiative.ca\/International\/wp-json\/wp\/v2\/users\/1740"}],"replies":[{"embeddable":true,"href":"https:\/\/linitiative.ca\/International\/wp-json\/wp\/v2\/comments?post=75621"}],"version-history":[{"count":0,"href":"https:\/\/linitiative.ca\/International\/wp-json\/wp\/v2\/posts\/75621\/revisions"}],"wp:attachment":[{"href":"https:\/\/linitiative.ca\/International\/wp-json\/wp\/v2\/media?parent=75621"}],"wp:term":[{"taxonomy":"category","embeddable":true,"href":"https:\/\/linitiative.ca\/International\/wp-json\/wp\/v2\/categories?post=75621"},{"taxonomy":"post_tag","embeddable":true,"href":"https:\/\/linitiative.ca\/International\/wp-json\/wp\/v2\/tags?post=75621"}],"curies":[{"name":"wp","href":"https:\/\/api.w.org\/{rel}","templated":true}]}}