{"id":75623,"date":"2020-02-08T18:40:35","date_gmt":"2020-02-08T23:40:35","guid":{"rendered":"https:\/\/linitiative.ca\/International\/le-proces-en-appel-du-quatuor-de-blida-dimanche\/"},"modified":"2020-02-08T18:40:35","modified_gmt":"2020-02-08T23:40:35","slug":"le-proces-en-appel-du-quatuor-de-blida-dimanche","status":"publish","type":"post","link":"https:\/\/linitiative.ca\/International\/le-proces-en-appel-du-quatuor-de-blida-dimanche\/","title":{"rendered":"Le proc\u00e8s en appel du quatuor de Blida dimanche"},"content":{"rendered":"<p><br class=\"autobr\"\/><br \/>\nLe proc\u00e8s en appel de Sa\u00efd Bouteflika, fr\u00e8re et conseiller du Pr\u00e9sident d\u00e9chu, du g\u00e9n\u00e9ral-major \u00e0 la retraite Mohamed Mediene, dit Toufik, ancien chef du D\u00e9partement du renseignement et de la s\u00e9curit\u00e9 (DRS), de Louisa Hanoune, secr\u00e9taire g\u00e9n\u00e9rale du Parti des travailleurs (PT), et du g\u00e9n\u00e9ral-major \u00e0 la retraite Bachir Tartag dit Athmane, ex-coordinateur des services secrets, s\u2019ouvrira dimanche 9 f\u00e9vrier au tribunal militaire de Blida. Les quatre ont \u00e9t\u00e9 condamn\u00e9s \u00e0 des peines de 15 ans de prison chacun.<\/p>\n<p><br class=\"autobr\"\/><br \/>\nLe proc\u00e8s sera pr\u00e9sid\u00e9 par l\u2019ancien pr\u00e9sident de la premi\u00e8re chambre p\u00e9nale de la cour d\u2019Alger, connu pour son exp\u00e9rience dans le traitement des lourds dossiers. Le pr\u00e9sident en charge du dossier est le seul magistrat qui a \u00e9t\u00e9 d\u00e9sign\u00e9 de la cour d\u2019Alger en qualit\u00e9 de \u00ab\u00a0juge militaire\u00a0\u00bb. Une enti\u00e8re confiance a \u00e9t\u00e9 plac\u00e9e en lui par le ministre de la Justice et garde des sceaux, Belkacem Zeghmati, pour statuer dans ce genre d\u2019affaires.\u00a0<br \/>Le premier jour du proc\u00e8s, programm\u00e9 en septembre dernier, a \u00e9t\u00e9 caract\u00e9ris\u00e9, rappelons-le, par le refus cat\u00e9gorique du pr\u00e9sident en charge du dossier de reporter l\u2019audience \u00e0 une date ult\u00e9rieure. Le juge militaire a estim\u00e9 que les demandes formul\u00e9es par les avocats de la d\u00e9fense relatives au renvoi n\u2019\u00e9taient pas fond\u00e9es.\u00a0<br \/>Il a \u00e9t\u00e9 \u00e9galement caract\u00e9ris\u00e9 par le retrait du g\u00e9n\u00e9ral Bachir Tartag Athmane dit \u00ab\u00a0Bachir\u00a0\u00bb de la salle d\u2019audience qui a abrit\u00e9 le proc\u00e8s et le refus de Sa\u00efd Bouteflika, fr\u00e8re de l\u2019ex-pr\u00e9sident de la R\u00e9publique Abdelaziz Bouteflika, alors conseiller \u00e0 la Pr\u00e9sidence, de compara\u00eetre devant l\u2019instance judiciaire militaire sous pr\u00e9texte que cette derni\u00e8re n\u2019\u00e9tait pas habilit\u00e9e ni comp\u00e9tente \u00e0 le juger.<br \/>Jug\u00e9s pour haute trahison et complot selon les chefs d\u2019inculpation retenus contre eux par le juge d\u2019instruction du tribunal militaire, \u00e0 savoir atteinte \u00e0 l\u2019autorit\u00e9 de l\u2019arm\u00e9e\u00a0\u00bb et \u00ab\u00a0complot contre l\u2019autorit\u00e9 de l\u2019Etat\u00a0\u00bb, les mis en cause n\u2019ont absolument rien dit.<br \/>Le magistrat en charge du dossier a, par ailleurs, rejet\u00e9 la demande du g\u00e9n\u00e9ral Toufik de convoquer \u00e0 la barre l\u2019ex-Pr\u00e9sident Liamine Zeroual et de l\u2019entendre en qualit\u00e9 de t\u00e9moin sur les r\u00e9unions secr\u00e8tes tenues \u00e0 la r\u00e9sidence d\u2019Etat de Z\u00e9ralda.\u00a0<br \/>Le proc\u00e8s avait d\u00e9but\u00e9 par l\u2019audition de l\u2019ex ministre de la Justice et garde des Sceaux puis pr\u00e9sident du Conseil constitutionnel Tayab Belaiz. Des t\u00e9moins parmi lesquels des ex-conseillers \u00e0 la pr\u00e9sidence de la R\u00e9publique, Boughazi et Rougab.<br \/>Les chefs d\u2019inculpation sont lourds, comme les peines encourues par les accus\u00e9s\u00a0: \u00ab\u00a0Atteinte \u00e0 l\u2019autorit\u00e9 de l\u2019arm\u00e9e\u00a0\u00bb, puni de 5 \u00e0 10 ans de r\u00e9clusion criminelle et \u00ab\u00a0complot pour changer le r\u00e9gime\u00a0\u00bb passible de la peine capitale. Seuls les avocats et les familles des accus\u00e9s ont eu le droit d\u2019assister \u00e0 l\u2019audience, alors qu\u2019un important dispositif policier a \u00e9t\u00e9 mis en place autour du tribunal militaire de Blida, au sud-ouest d\u2019Alger.<br \/>La d\u00e9fense avait admis que Louisa Hanoune avait particip\u00e9 \u00e0 une r\u00e9union avec Sa\u00efd Bouteflika et le g\u00e9n\u00e9ral \u00ab\u00a0Toufik\u00a0\u00bb le 27 mars 2019, au lendemain d\u2019une d\u00e9claration du chef d\u2019\u00e9tat-major de l\u2019arm\u00e9e, le g\u00e9n\u00e9ral Ahmed Ga\u00efd Salah, demandant publiquement le d\u00e9part d\u2019Abdelaziz Bouteflika.<br \/>Quelques jours plus tard, le chef d\u2019Etat-major et homme fort du pays avait accus\u00e9, sans les nommer, Sa\u00efd Bouteflika et les g\u00e9n\u00e9raux Mediene et Tartag de comploter contre l\u2019arm\u00e9e.<br \/>Les charges retenues contre eux sont lourdes\u00a0: \u00ab\u00a0Atteinte \u00e0 l\u2019autorit\u00e9 de l\u2019arm\u00e9e\u00a0\u00bb, passible de cinq \u00e0 dix ans de prison, et \u00ab\u00a0complot contre l\u2019autorit\u00e9 de l\u2019Etat\u00a0\u00bb, qui peut leur valoir la peine capitale. Un communiqu\u00e9 final devrait \u00eatre rendu public par la juridiction militaire \u00e0 l\u2019issue du proc\u00e8s, selon l\u2019agence de presse officielle.<br \/>A l\u2019issue des d\u00e9bats, les inculp\u00e9s ont \u00e9t\u00e9 reconnus coupables des faits qui leur ont \u00e9t\u00e9 reproch\u00e9s au cours de l\u2019instruction judiciaire, notamment d\u2019avoir organis\u00e9 une rencontre dans l\u2019enceinte militaire, la r\u00e9sidence Dar El Afia. Une rencontre qualifi\u00e9e par la loi de crime de complot ayant pour but de porter atteinte \u00e0 l\u2019autorit\u00e9 militaire et de complot contre l\u2019autorit\u00e9 de l\u2019Etat, faits pr\u00e9vus et r\u00e9prim\u00e9s respectivement par l\u2019article 284 du Code de la justice militaire et 78 du Code p\u00e9nal.<br \/>Dans ses r\u00e9quisitions, le procureur militaire de la R\u00e9publique a requis en application de la loi la d\u00e9claration de culpabilit\u00e9 des inculp\u00e9s et leur condamnation \u00e0 la peine de vingt (20) ann\u00e9es de r\u00e9clusion criminelle. En conformit\u00e9 avec la loi, les accus\u00e9s et leurs avocats ont \u00e9t\u00e9 entendus dans leurs d\u00e9fenses et ont eu la parole les derniers.<br \/>A l\u2019issue des d\u00e9bats, le tribunal militaire a lev\u00e9 l\u2019audience et s\u2019est retir\u00e9 pour d\u00e9lib\u00e9rer en conformit\u00e9 avec la loi. Apr\u00e8s d\u00e9lib\u00e9rations, le tribunal militaire a repris l\u2019audience publique et a rendu son jugement.<br \/>Le tribunal militaire a reconnu coupable Bouteflika Sa\u00efd des faits qui lui ont \u00e9t\u00e9 reproch\u00e9s et l\u2019a condamn\u00e9 contradictoirement \u00e0 la peine de quinze (15) ans de r\u00e9clusion criminelle.<br \/>Le m\u00eame tribunal a reconnu coupable Mohamed Mediene, dit g\u00e9n\u00e9ral Toufik, coupable des faits qui lui ont \u00e9t\u00e9 reproch\u00e9s et l\u2019a condamn\u00e9 contradictoirement \u00e0 la peine de quinze (15) ans de r\u00e9clusion criminelle.<br \/>La m\u00eame peine, soit 15 ans de r\u00e9clusion criminelle, a \u00e9t\u00e9 prononc\u00e9e contre Tartag Athmane, dit g\u00e9n\u00e9ral Bachir, lequel a \u00e9t\u00e9 reconnu coupable des faits qui lui ont \u00e9t\u00e9 reproch\u00e9s, \u00e0 savoir atteinte \u00e0 l\u2019autorit\u00e9 militaire.<br \/>La secr\u00e9taire g\u00e9n\u00e9rale du parti des travailleurs, Louiza Hanoune, a \u00e9t\u00e9 reconnue coupable elle aussi des faits qui lui ont reproch\u00e9s, au m\u00eame titre que les autres inculp\u00e9s condamn\u00e9s, et condamn\u00e9e\u00a0\u00e0 la peine de quinze ans de r\u00e9clusion criminelle.<br \/>Jug\u00e9 par contumace, car il n\u2019a pas daign\u00e9 r\u00e9pondre aux multiples convocations du parquet militaire, le g\u00e9n\u00e9ral \u00e0 la retraite Khaled Nezzar a \u00e9t\u00e9 reconnu coupable des faits qui lui \u00e9t\u00e9 reproch\u00e9s et a \u00e9cop\u00e9 de 20 ans de r\u00e9clusion criminelle. Son fils, Lotfi Nezzar, s\u2019est vu infliger la m\u00eame peine, c\u2019est-\u00e0-dire 20 ans de r\u00e9clusion criminelle par contumace. Le mis en cause a \u00e9t\u00e9 reconnu coupable d\u2019atteinte \u00e0 l\u2019autorit\u00e9 de l\u2019Etat.<br \/>Le m\u00eame tribunal a condamn\u00e9 Benhamdine Farid \u00e0 20 ans de r\u00e9clusion criminelle par contumace.<\/p>\n<p>Auteur: Boudjedri<br \/>\n<a href=\"http:\/\/www.jeune-independant.net\/Le-proces-en-appel-du-quatuor-de.html\">Cliquez ici pour lire l&rsquo;article depuis sa source.<\/a><\/p>\n","protected":false},"excerpt":{"rendered":"<p>Le proc\u00e8s en appel de Sa\u00efd Bouteflika, fr\u00e8re et conseiller du Pr\u00e9sident d\u00e9chu, du g\u00e9n\u00e9ral-major \u00e0 la retraite Mohamed Mediene, dit Toufik, ancien chef du D\u00e9partement du renseignement et de la s\u00e9curit\u00e9 (DRS), de Louisa Hanoune, secr\u00e9taire g\u00e9n\u00e9rale du Parti des travailleurs (PT), et du g\u00e9n\u00e9ral-major \u00e0 la retraite Bachir Tartag dit Athmane, ex-coordinateur des [&hellip;]<\/p>\n","protected":false},"author":1737,"featured_media":0,"comment_status":"closed","ping_status":"closed","sticky":false,"template":"","format":"standard","meta":{"fifu_image_url":"","fifu_image_alt":"","footnotes":""},"categories":[73,53],"tags":[],"class_list":["post-75623","post","type-post","status-publish","format-standard","hentry","category-actualite","category-algerie"],"_links":{"self":[{"href":"https:\/\/linitiative.ca\/International\/wp-json\/wp\/v2\/posts\/75623","targetHints":{"allow":["GET"]}}],"collection":[{"href":"https:\/\/linitiative.ca\/International\/wp-json\/wp\/v2\/posts"}],"about":[{"href":"https:\/\/linitiative.ca\/International\/wp-json\/wp\/v2\/types\/post"}],"author":[{"embeddable":true,"href":"https:\/\/linitiative.ca\/International\/wp-json\/wp\/v2\/users\/1737"}],"replies":[{"embeddable":true,"href":"https:\/\/linitiative.ca\/International\/wp-json\/wp\/v2\/comments?post=75623"}],"version-history":[{"count":0,"href":"https:\/\/linitiative.ca\/International\/wp-json\/wp\/v2\/posts\/75623\/revisions"}],"wp:attachment":[{"href":"https:\/\/linitiative.ca\/International\/wp-json\/wp\/v2\/media?parent=75623"}],"wp:term":[{"taxonomy":"category","embeddable":true,"href":"https:\/\/linitiative.ca\/International\/wp-json\/wp\/v2\/categories?post=75623"},{"taxonomy":"post_tag","embeddable":true,"href":"https:\/\/linitiative.ca\/International\/wp-json\/wp\/v2\/tags?post=75623"}],"curies":[{"name":"wp","href":"https:\/\/api.w.org\/{rel}","templated":true}]}}