{"id":75625,"date":"2020-02-09T03:30:00","date_gmt":"2020-02-09T08:30:00","guid":{"rendered":"https:\/\/linitiative.ca\/International\/janvier-2020-en-photos\/"},"modified":"2020-02-09T03:30:00","modified_gmt":"2020-02-09T08:30:00","slug":"janvier-2020-en-photos","status":"publish","type":"post","link":"https:\/\/linitiative.ca\/International\/janvier-2020-en-photos\/","title":{"rendered":"Janvier 2020 en photos"},"content":{"rendered":"<p>Quarante-cinq jours pour tenter la conqu\u00eate de la Kasbah, dans un champ min\u00e9 par tous, et un sort scell\u00e9 d\u2019avance. Arm\u00e9 seulement de sa bonne foi, Habib Jemli, candidat surprise pr\u00e9sent\u00e9 par Ennahdha, en fait l\u2019exp\u00e9rience, inaboutie, et les frais subis \u00e0 ses d\u00e9pens. Que de tractations, de grands espoirs, de fausses promesses, de retournements de veste et de situation, d\u2019alliances rapidement d\u00e9construites&#8230; L\u2019ARP refusera sa confiance \u00e0 Jemli. Avec une rare violence de la part de certains d\u00e9put\u00e9s et un total m\u00e9pris de la n\u00e9cessaire sinc\u00e9rit\u00e9 mais courtoisie en politique.<\/p>\n<p class=\"c2\"><img loading=\"lazy\" decoding=\"async\" src=\"\/uploads\/FCK_files\/1(77).jpg\" alt=\"\" width=\"700\" vspace=\"5\" hspace=\"5\" height=\"505\"\/><\/p>\n<p class=\"c3\">Pour une fois qu\u2019une journaliste sportive est pressentie pour le poste de secr\u00e9taire d\u2019Etat aux Sports, la voil\u00e0 \u00e9conduite par le Parlement avec toute l\u2019\u00e9quipe de Habib Jemli. Sihem Ayadi n\u2019en est pas pour autant d\u00e9\u00e7ue. \u00abCe fut une merveilleuse exp\u00e9rience\u00bb, se console-t-elle, regrettant surtout la bonne ambiance instaur\u00e9e durant ces semaines de la formation du gouvernement, qui lui manquera d\u00e9sormais.<\/p>\n<p class=\"c2\"><img loading=\"lazy\" decoding=\"async\" src=\"\/uploads\/FCK_files\/2(74).jpg\" alt=\"\" width=\"700\" vspace=\"5\" hspace=\"5\" height=\"421\" align=\"middle\"\/><\/p>\n<p class=\"c3\">Les murs de la ville restent le meilleur \u00e9cran de la vie quotidienne. Une humble femme tunisienne prom\u00e8ne curieusement un regard attentif sur des affichettes coll\u00e9es par l\u2019Ugtt, alignant les couvertures des suppl\u00e9ments sp\u00e9ciaux de son hebdomadaire Echaab. Qu\u2019en a-t-elle le plus retenu? Qu\u2019en pense-t-elle? Le peuple garde toujours son intelligence insoup\u00e7onn\u00e9e.<\/p>\n<p class=\"c2\"><img loading=\"lazy\" decoding=\"async\" src=\"\/uploads\/FCK_files\/3(51).jpg\" alt=\"\" width=\"700\" vspace=\"5\" hspace=\"5\" height=\"886\" align=\"middle\"\/><\/p>\n<p class=\"c3\">Deuxi\u00e8me round pour la conqu\u00eate de la Kasbah. Ely\u00e8s Fakhfakh se met dans les starting-blocks. D\u00e8s la premi\u00e8re heure de son installation \u00e0 Dar Dhiafa et avant m\u00eame qu\u2019il ne commence ses consultations, on se bouscule d\u00e9j\u00e0 au portillon.<\/p>\n<p class=\"c2\"><img loading=\"lazy\" decoding=\"async\" src=\"\/uploads\/FCK_files\/4(34).jpg\" alt=\"\" width=\"700\" vspace=\"5\" hspace=\"5\" height=\"1014\" align=\"middle\"\/><\/p>\n<p class=\"c3\">Ancien ministre des Affaires \u00e9trang\u00e8res dans la seconde mi-temps de la Tro\u00efka (2013 -2014), Othman Jerandi frappe \u00e0 la porte de Fakhfakh, offrant ses services&#8230; Une d\u00e9marche l\u00e9gitime, l\u2019ambition est humaine.<\/p>\n<p class=\"c2\"><img loading=\"lazy\" decoding=\"async\" src=\"\/uploads\/FCK_files\/6(16).jpg\" alt=\"\" width=\"700\" vspace=\"5\" hspace=\"5\" height=\"509\" align=\"middle\"\/><\/p>\n<p class=\"c3\">\u00abRencontre au sommet\u00bb: Lotfi Zitoun (Ennahdha) avec Ridha Chiheb El Mekki, id\u00e9ologue proche de Kais Saied<\/p>\n<p class=\"c2\"><img loading=\"lazy\" decoding=\"async\" src=\"\/uploads\/FCK_files\/5(19).jpg\" alt=\"\" width=\"700\" vspace=\"5\" hspace=\"5\" height=\"511\" align=\"middle\"\/><\/p>\n<p class=\"c3\">V\u0153ux du corps diplomatique et des repr\u00e9sentants des diff\u00e9rentes confessions au pr\u00e9sident de la R\u00e9publique. Tous portaient leur attention sur l\u2019accueil qu\u2019allait r\u00e9server le nouveau chef de l\u2019Etat, Ka\u00efs Sa\u00efed, au grand rabbin de Tunis, Ha\u00efm Bitar. \u00abTr\u00e8s r\u00e9publicain, tr\u00e8s courtois, tr\u00e8s chaleureux, au-del\u00e0 des simples r\u00e8gles protocolaires de circonstance\u00bb, soulignent des sources concordantes.<\/p>\n<p class=\"c2\"><img loading=\"lazy\" decoding=\"async\" src=\"\/uploads\/FCK_files\/7(15).jpg\" alt=\"\" width=\"700\" vspace=\"5\" hspace=\"5\" height=\"652\" align=\"middle\"\/><\/p>\n<p>Auteur:<br \/>\n<a href=\"https:\/\/www.leaders.com.tn\/article\/29055-janvier-en-photos\">Cliquez ici pour lire l&rsquo;article depuis sa source.<\/a><\/p>\n","protected":false},"excerpt":{"rendered":"<p>Quarante-cinq jours pour tenter la conqu\u00eate de la Kasbah, dans un champ min\u00e9 par tous, et un sort scell\u00e9 d\u2019avance. Arm\u00e9 seulement de sa bonne foi, Habib Jemli, candidat surprise pr\u00e9sent\u00e9 par Ennahdha, en fait l\u2019exp\u00e9rience, inaboutie, et les frais subis \u00e0 ses d\u00e9pens. Que de tractations, de grands espoirs, de fausses promesses, de retournements [&hellip;]<\/p>\n","protected":false},"author":1772,"featured_media":75626,"comment_status":"closed","ping_status":"closed","sticky":false,"template":"","format":"standard","meta":{"fifu_image_url":"","fifu_image_alt":"","footnotes":""},"categories":[73,55],"tags":[],"class_list":["post-75625","post","type-post","status-publish","format-standard","has-post-thumbnail","hentry","category-actualite","category-tunisie"],"_links":{"self":[{"href":"https:\/\/linitiative.ca\/International\/wp-json\/wp\/v2\/posts\/75625","targetHints":{"allow":["GET"]}}],"collection":[{"href":"https:\/\/linitiative.ca\/International\/wp-json\/wp\/v2\/posts"}],"about":[{"href":"https:\/\/linitiative.ca\/International\/wp-json\/wp\/v2\/types\/post"}],"author":[{"embeddable":true,"href":"https:\/\/linitiative.ca\/International\/wp-json\/wp\/v2\/users\/1772"}],"replies":[{"embeddable":true,"href":"https:\/\/linitiative.ca\/International\/wp-json\/wp\/v2\/comments?post=75625"}],"version-history":[{"count":0,"href":"https:\/\/linitiative.ca\/International\/wp-json\/wp\/v2\/posts\/75625\/revisions"}],"wp:featuredmedia":[{"embeddable":true,"href":"https:\/\/linitiative.ca\/International\/wp-json\/"}],"wp:attachment":[{"href":"https:\/\/linitiative.ca\/International\/wp-json\/wp\/v2\/media?parent=75625"}],"wp:term":[{"taxonomy":"category","embeddable":true,"href":"https:\/\/linitiative.ca\/International\/wp-json\/wp\/v2\/categories?post=75625"},{"taxonomy":"post_tag","embeddable":true,"href":"https:\/\/linitiative.ca\/International\/wp-json\/wp\/v2\/tags?post=75625"}],"curies":[{"name":"wp","href":"https:\/\/api.w.org\/{rel}","templated":true}]}}