{"id":75629,"date":"2020-02-09T10:47:00","date_gmt":"2020-02-09T15:47:00","guid":{"rendered":"https:\/\/linitiative.ca\/International\/pour-defendre-son-honneur-et-celui-de-ses-collegues-moncef-baati-demandera-t-il-a-etre-auditionne-par-un-jury-dhonneur-et-une-commission-parlementaire\/"},"modified":"2020-02-09T10:47:00","modified_gmt":"2020-02-09T15:47:00","slug":"pour-defendre-son-honneur-et-celui-de-ses-collegues-moncef-baati-demandera-t-il-a-etre-auditionne-par-un-jury-dhonneur-et-une-commission-parlementaire","status":"publish","type":"post","link":"https:\/\/linitiative.ca\/International\/pour-defendre-son-honneur-et-celui-de-ses-collegues-moncef-baati-demandera-t-il-a-etre-auditionne-par-un-jury-dhonneur-et-une-commission-parlementaire\/","title":{"rendered":"Pour d\u00e9fendre son honneur et celui de ses coll\u00e8gues, Moncef B\u00e2ati demandera-t-il \u00e0 \u00eatre auditionn\u00e9 par un jury d\u2019honneur et une commission parlementaire ?"},"content":{"rendered":"<p>Tax\u00e9 de \u00ab\u00a0manquement\u00a0professionnel \u00bb et accus\u00e9 de \u00ab\u00a0faute grave\u00a0\u00bb, Moncef B\u00e2ati, ambassadeur repr\u00e9sentant permanent de Tunisie aupr\u00e8s de l\u2019ONU \u00e0 New York, limog\u00e9, se lavera-t-il de l\u2019affront qui lui est publiquement et officiellement fait par son minist\u00e8re et la pr\u00e9sidence de la R\u00e9publique. Pour ce diplomate chevronn\u00e9 qui aligne pr\u00e8s de 40 ans de carri\u00e8re sans faute, il n&rsquo;y a qu\u2019un seul recours possible\u00a0: demander \u00e0 \u00eatre jug\u00e9 par un jury d\u2019honneur (compos\u00e9 de ses pairs, actifs et retrait\u00e9s) et auditionn\u00e9 par une commission parlementaire. Il s\u2019agit en l\u2019occurrence de la commission des droits, libert\u00e9s et relations ext\u00e9rieures pr\u00e9sid\u00e9e par Samah Damak, d\u00e9put\u00e9e de Qalb Toun\u00e8s, \u00e9lue dans la circonscription de Sfax. Elle comprend notamment Ridha Jaouadi, Sayed Ferjani, Zied Ladhari, Karim Krifa et Zouheir Makhlouf.<\/p>\n<h2>Consternation dans les rangs<\/h2>\n<p>Depuis sa constitution, il y a 63 ans, le 3 mai 1956, jamais le minist\u00e8re des Affaires \u00e9trang\u00e8res ne s\u2019\u00e9tait permis de rendre public l\u2019\u00e9valuation de l\u2019un de ses diplomates, encore moins d\u2019un ambassadeur, comme il vient de le faire. Son communiqu\u00e9, inhabituel dans les annales diplomatiques a jet\u00e9 froid et consternation dans les rangs.<\/p>\n<h2>Cherchez la faille<\/h2>\n<p>L\u2019ambassadeur Baati n\u2019agit pas seul \u00e0 New York. Il est \u00e0 la t\u00eate d\u2019une \u00e9quipe, renforc\u00e9e avec l\u2019entr\u00e9e au conseil de S\u00e9curit\u00e9, compos\u00e9e de diplomates de longue carri\u00e8re. Il est en effet second\u00e9 par un ambassadeur repr\u00e9sentant permanent adjoint, Tarek Ladab, ancien ambassadeur \u00e0 Oman, et directeur des organisations et conf\u00e9rences arabes et islamiques, Adel Bellagha, Riadh Ben Slimane et Ali Cherif qui sont \u00e0 leur deuxi\u00e8me affectation \u00e0 New York, Nasreddine Naouali (sp\u00e9cialiste de la question palestinienne), Kaouther Chelbi (Communication), Moez Laaouani, Nesrine Mansouri et autres pointures de la diplomatie tunisienne. A Tunis, Holla Bachtobji, directeur g\u00e9n\u00e9ral pour les Organisations et conf\u00e9rences internationales et grande sp\u00e9cialiste de l\u2019ONU, ainsi que toute une \u00e9quipe ad-hoc, disposant en outre d\u2019une salle d\u2019op\u00e9rations en liaison directe avec notre mission \u00e0 New York, assurent un suivi continu. Ont-il tous failli eux aussi \u00e0 leur mission\u00a0?<\/p>\n<p>Auteur:<br \/>\n<a href=\"https:\/\/www.leaders.com.tn\/article\/29084-pour-defendre-son-honneur-et-celui-de-ses-collegues-moncef-baati-demandera-t-il-a-etre-auditionne-par-un-jury-d-honneur-et-une-commission-parlementaire\">Cliquez ici pour lire l&rsquo;article depuis sa source.<\/a><\/p>\n","protected":false},"excerpt":{"rendered":"<p>Tax\u00e9 de \u00ab\u00a0manquement\u00a0professionnel \u00bb et accus\u00e9 de \u00ab\u00a0faute grave\u00a0\u00bb, Moncef B\u00e2ati, ambassadeur repr\u00e9sentant permanent de Tunisie aupr\u00e8s de l\u2019ONU \u00e0 New York, limog\u00e9, se lavera-t-il de l\u2019affront qui lui est publiquement et officiellement fait par son minist\u00e8re et la pr\u00e9sidence de la R\u00e9publique. Pour ce diplomate chevronn\u00e9 qui aligne pr\u00e8s de 40 ans de carri\u00e8re [&hellip;]<\/p>\n","protected":false},"author":1772,"featured_media":0,"comment_status":"closed","ping_status":"closed","sticky":false,"template":"","format":"standard","meta":{"fifu_image_url":"","fifu_image_alt":"","footnotes":""},"categories":[73,55],"tags":[],"class_list":["post-75629","post","type-post","status-publish","format-standard","hentry","category-actualite","category-tunisie"],"_links":{"self":[{"href":"https:\/\/linitiative.ca\/International\/wp-json\/wp\/v2\/posts\/75629","targetHints":{"allow":["GET"]}}],"collection":[{"href":"https:\/\/linitiative.ca\/International\/wp-json\/wp\/v2\/posts"}],"about":[{"href":"https:\/\/linitiative.ca\/International\/wp-json\/wp\/v2\/types\/post"}],"author":[{"embeddable":true,"href":"https:\/\/linitiative.ca\/International\/wp-json\/wp\/v2\/users\/1772"}],"replies":[{"embeddable":true,"href":"https:\/\/linitiative.ca\/International\/wp-json\/wp\/v2\/comments?post=75629"}],"version-history":[{"count":0,"href":"https:\/\/linitiative.ca\/International\/wp-json\/wp\/v2\/posts\/75629\/revisions"}],"wp:attachment":[{"href":"https:\/\/linitiative.ca\/International\/wp-json\/wp\/v2\/media?parent=75629"}],"wp:term":[{"taxonomy":"category","embeddable":true,"href":"https:\/\/linitiative.ca\/International\/wp-json\/wp\/v2\/categories?post=75629"},{"taxonomy":"post_tag","embeddable":true,"href":"https:\/\/linitiative.ca\/International\/wp-json\/wp\/v2\/tags?post=75629"}],"curies":[{"name":"wp","href":"https:\/\/api.w.org\/{rel}","templated":true}]}}