{"id":75631,"date":"2020-02-09T16:51:06","date_gmt":"2020-02-09T21:51:06","guid":{"rendered":"https:\/\/linitiative.ca\/International\/championnat-arabe-le-raja-qualifie-en-demi-finale\/"},"modified":"2020-02-09T16:51:06","modified_gmt":"2020-02-09T21:51:06","slug":"championnat-arabe-le-raja-qualifie-en-demi-finale","status":"publish","type":"post","link":"https:\/\/linitiative.ca\/International\/championnat-arabe-le-raja-qualifie-en-demi-finale\/","title":{"rendered":"Championnat arabe : Le Raja qualifi\u00e9 en demi-finale"},"content":{"rendered":"<p><strong>Le Raja de Casablanca s\u2019est qualifi\u00e9 pour les demi-finales du championnat arabe de football Mohammed VI malgr\u00e9 sa d\u00e9faite \u00e0 domicile face au Mouloudia d\u2019Alger (0-1), lors du match retour du quart de finale disput\u00e9 ce soir au stade du complexe sportif Mohammed V \u00e0 Casablanca.<\/strong><\/p>\n<div class=\"c10\"\/>\n<p>L\u2019unique but de la rencontre en faveur des visiteurs a \u00e9t\u00e9 marqu\u00e9 par le milieu de terrain du MC Alger Samy Frioul du point de p\u00e9nalty, trois minutes avant la fin de premi\u00e8re partie. Malgr\u00e9 le forcing exerc\u00e9 par les Verts, les prot\u00e9g\u00e9s de Jamal Sellami n\u2019ont pas parvenu \u00e0 marquer dans cette rencontre comptant pour le quart de finale retour du Championnat Mohammed VI des clubs arabes de football.<\/p>\n<p>Le match aller disput\u00e9 \u00e0 Blida s\u2019est sold\u00e9 par une victoire m\u00e9rit\u00e9e du Raja de Casablanca hors de ses bases. Les verts affronteront les Egyptiens d\u2019Al Ismaili lors du prochain tour.<\/p>\n<p>L\u2019autre repr\u00e9sentant du Maroc, l\u2019Olympic de Safi, qui a ramen\u00e9 un nul de Jeddah en match aller, croisera le fer samedi prochain sur la pelouse du stade El Massira avec l\u2019Ittihad de Jeddah pour le deuxi\u00e8me ticket de demi-finale de la comp\u00e9tition.<\/p>\n<div class=\"c17\">\n<fieldset class=\"c16\">\n<legend><strong><span class=\"c11\">Challenge<\/span><span class=\"c12\">news<\/span><\/strong><\/legend>\n<div class=\"c15\">Le meilleur de Challenge s\u00e9lectionn\u00e9 par la r\u00e9daction :<\/p>\n<\/div>\n<\/fieldset>\n<\/div>\n<p>Auteur: Hassan Manyani<br \/>\n<a href=\"https:\/\/www.challenge.ma\/championnat-arabe-le-raja-qualifie-en-demi-finale-129788\/\">Cliquez ici pour lire l&rsquo;article depuis sa source.<\/a><\/p>\n","protected":false},"excerpt":{"rendered":"<p>Le Raja de Casablanca s\u2019est qualifi\u00e9 pour les demi-finales du championnat arabe de football Mohammed VI malgr\u00e9 sa d\u00e9faite \u00e0 domicile face au Mouloudia d\u2019Alger (0-1), lors du match retour du quart de finale disput\u00e9 ce soir au stade du complexe sportif Mohammed V \u00e0 Casablanca. L\u2019unique but de la rencontre en faveur des visiteurs [&hellip;]<\/p>\n","protected":false},"author":1787,"featured_media":0,"comment_status":"closed","ping_status":"closed","sticky":false,"template":"","format":"standard","meta":{"fifu_image_url":"","fifu_image_alt":"","footnotes":""},"categories":[78,54],"tags":[],"class_list":["post-75631","post","type-post","status-publish","format-standard","hentry","category-economie","category-maroc"],"_links":{"self":[{"href":"https:\/\/linitiative.ca\/International\/wp-json\/wp\/v2\/posts\/75631","targetHints":{"allow":["GET"]}}],"collection":[{"href":"https:\/\/linitiative.ca\/International\/wp-json\/wp\/v2\/posts"}],"about":[{"href":"https:\/\/linitiative.ca\/International\/wp-json\/wp\/v2\/types\/post"}],"author":[{"embeddable":true,"href":"https:\/\/linitiative.ca\/International\/wp-json\/wp\/v2\/users\/1787"}],"replies":[{"embeddable":true,"href":"https:\/\/linitiative.ca\/International\/wp-json\/wp\/v2\/comments?post=75631"}],"version-history":[{"count":0,"href":"https:\/\/linitiative.ca\/International\/wp-json\/wp\/v2\/posts\/75631\/revisions"}],"wp:attachment":[{"href":"https:\/\/linitiative.ca\/International\/wp-json\/wp\/v2\/media?parent=75631"}],"wp:term":[{"taxonomy":"category","embeddable":true,"href":"https:\/\/linitiative.ca\/International\/wp-json\/wp\/v2\/categories?post=75631"},{"taxonomy":"post_tag","embeddable":true,"href":"https:\/\/linitiative.ca\/International\/wp-json\/wp\/v2\/tags?post=75631"}],"curies":[{"name":"wp","href":"https:\/\/api.w.org\/{rel}","templated":true}]}}