{"id":75647,"date":"2020-02-09T17:29:52","date_gmt":"2020-02-09T22:29:52","guid":{"rendered":"https:\/\/linitiative.ca\/International\/forum-regional-des-femmeslinsecurite-preoccupation-des-saheliennes\/"},"modified":"2020-02-09T17:29:52","modified_gmt":"2020-02-09T22:29:52","slug":"forum-regional-des-femmeslinsecurite-preoccupation-des-saheliennes","status":"publish","type":"post","link":"https:\/\/linitiative.ca\/International\/forum-regional-des-femmeslinsecurite-preoccupation-des-saheliennes\/","title":{"rendered":"Forum r\u00e9gional des femmes:l\u2019ins\u00e9curit\u00e9, pr\u00e9occupation des Sah\u00e9liennes"},"content":{"rendered":"<div class=\"td-post-featured-image\"><a href=\"https:\/\/i0.wp.com\/www.sidwaya.info\/wp-content\/uploads\/2020\/02\/femme10.gif?fit=925%2C520&#038;ssl=1\" data-caption=\"\"><img loading=\"lazy\" decoding=\"async\" width=\"696\" height=\"391\" class=\"entry-thumb td-modal-image\" src=\"https:\/\/i0.wp.com\/www.sidwaya.info\/wp-content\/uploads\/2020\/02\/femme10.gif?resize=696%2C391&#038;ssl=1\" alt=\"\" title=\"femme10\"\/><\/a><\/div>\n<p><strong>La ministre de la Femme, de la Solidarit\u00e9 nationale, de la Famille et de l\u2019Action humanitaire, H\u00e9l\u00e8ne Ilboudo, a lanc\u00e9, le jeudi 6 f\u00e9vrier 2020 \u00e0 Dori dans le Sahel, une s\u00e9rie de foras r\u00e9gionaux. L\u2019objectif est de recueillir dans chaque r\u00e9gion les pr\u00e9occupations des femmes qui seront pr\u00e9sent\u00e9es au pr\u00e9sident du Faso, lors du forum national des femmes.<\/strong><\/p>\n<p>Le 8-Mars 2020, le Burkina Faso c\u00e9l\u00e9brera, la Journ\u00e9e internationale de la femme conjointement avec le 6e forum national des femmes autour du th\u00e8me : \u00abCrise s\u00e9curitaire au Burkina Faso : Quelles strat\u00e9gies pour une meilleure r\u00e9silience des femmes \u00bb. En pr\u00e9lude \u00e0 ce rendez-vous, des fora seront organis\u00e9s dans les 13 r\u00e9gions du pays afin de recueillir les pr\u00e9occupations des femmes. Ces dol\u00e9ances seront centralis\u00e9es et pr\u00e9sent\u00e9es au Pr\u00e9sident du Faso, lors du forum national des femmes. Le jeudi 6 f\u00e9vrier 2020, c\u2019est Dori, chef-lieu de la r\u00e9gion du Sahel qui a accueilli la ministre de la Femme, de la Solidarit\u00e9 nationale, de la Famille et de l\u2019Action humanitaire, H\u00e9l\u00e8ne Ilboudo et sa d\u00e9l\u00e9gation pour le lancement de la s\u00e9rie de fora. Face \u00e0 elle, les femmes du Sahel ont soulev\u00e9 des pr\u00e9occupations dont la plus importante se r\u00e9sume \u00e0 la s\u00e9curisation du pays. \u00abL\u2019ins\u00e9curit\u00e9 est notre principale difficult\u00e9. A cause des attaques, plusieurs femmes ont fui leurs villages. D\u2019autres ont perdu leurs maris o\u00f9 m\u00eame leur vie. Notre souhait est que la paix puisse r\u00e9gner afin que chacune retrouve sa famille \u00bb, a-t-elle lanc\u00e9, la secr\u00e9taire de la coordination des femmes du Sahel, Alimatou Lompo. Elle a invit\u00e9 le gouvernement \u00e0 renforcer les capacit\u00e9s op\u00e9rationnelles des forces de d\u00e9fense et de s\u00e9curit\u00e9 pour la s\u00e9curisation du territoire. \u00ab Nous n\u2019aurons de r\u00e9pit que lorsque toutes les femmes du Burkina Faso seront en paix et en s\u00e9curit\u00e9 \u00bb, a r\u00e9pondu la ministre, tout en rappelant l\u2019objectif de ces fora qui est de contribuer \u00e0 impacter la r\u00e9silience des femmes face aux effets de la crise humanitaire au Burkina Faso. C\u2019\u00e9tait une occasion, pour elle de pr\u00e9senter les solutions envisag\u00e9es aux pr\u00e9occupations des femmes de la r\u00e9gion. \u00ab Nous allons intensifier l\u2019accompagnement, nous allons travailler pour la coh\u00e9sion sociale et le d\u00e9veloppement de la r\u00e9gion \u00bb, a-t-elle promis. Selon la premi\u00e8re responsable du d\u00e9partement en charge de l\u2019action humanitaire, le d\u00e9veloppement d\u2019un pays passe par la femme. \u00ab Comment parler de paix sans impliquer la femme ? Il \u00e9tait donc n\u00e9cessaire pour nous de venir \u00e0 vos c\u00f4t\u00e9s pour vous expliquer la d\u00e9marche du gouvernement en vue de renforcer votre r\u00e9silience \u00bb, a-t-elle adress\u00e9 aux femmes. Elle a appel\u00e9 ses s\u0153urs du Sahel \u00e0 apaiser leurs c\u0153urs car c\u2019est de l\u00e0 que naitra une paix durable au Burkina.<\/p>\n<p>25% de femmes d\u00e9plac\u00e9es<\/p>\n<p>A la date du 27 janvier 2020, a rappel\u00e9 la ministre, le Burkina Faso enregistrait pr\u00e8s de 615 000 d\u00e9plac\u00e9s internes dont 57% d\u2019enfants et plus de 25% de femmes. Ces derni\u00e8res subissent les cons\u00e9quences de l\u2019ins\u00e9curit\u00e9. Le Sahel est la deuxi\u00e8me r\u00e9gion la plus touch\u00e9e par l\u2019ins\u00e9curit\u00e9 et le d\u00e9placement apr\u00e8s le Centre-Nord. Pour y faire face, a-t-elle poursuivi, le gouvernement d\u00e9ploie des efforts au profit des populations et des d\u00e9plac\u00e9s en particulier. Elle a cit\u00e9 notamment le renforcement de l\u2019autonomisation des populations \u00e0 travers des projets et programmes, la mise en \u0153uvre de plan de soutien aux populations vuln\u00e9rables et l\u2019implication des femmes dans la gestion des camps de d\u00e9plac\u00e9s. La ministre en charge de l\u2019action humanitaire a mis \u00e0 profit son s\u00e9jour pour visiter des d\u00e9plac\u00e9s venus de la commune de Arbinda \u00e0 la suite des r\u00e9centes attaques terroristes. Environ un millier, ils ont demand\u00e9 soutien et s\u00e9curit\u00e9.<br \/>A l\u2019occasion, des pagnes de 8-Mars ont \u00e9t\u00e9 remis \u00e0 toutes les communes du Sahel. 26 balles dont une par commune doivent \u00eatre distribu\u00e9es aux femmes. Egalement la d\u00e9l\u00e9gation gouvernementale a offert des vivres \u00e0 hauteur de 120 tonnes par province.<\/p>\n<p>Adama SEDGO<\/p>\n<div class=\"td-a-rec td-a-rec-id-content_bottom tdi_30_30b td_block_template_1\"><img loading=\"lazy\" decoding=\"async\" class=\"aligncenter size-full wp-image-9623\" src=\"https:\/\/www.sidwaya.info\/wp-content\/uploads\/2019\/06\/Projet-bannie%CC%80re-Orange-mobile.jpg\" alt=\"\" width=\"728\" height=\"81\"\/><\/div>\n<p>Auteur: BM. Sidwaya<br \/>\n<a href=\"https:\/\/www.sidwaya.info\/blog\/2020\/02\/09\/forum-regional-des-femmeslinsecurite-preoccupation-des-saheliennes\/\">Cliquez ici pour lire l&rsquo;article depuis sa source.<\/a><\/p>\n","protected":false},"excerpt":{"rendered":"<p>La ministre de la Femme, de la Solidarit\u00e9 nationale, de la Famille et de l\u2019Action humanitaire, H\u00e9l\u00e8ne Ilboudo, a lanc\u00e9, le jeudi 6 f\u00e9vrier 2020 \u00e0 Dori dans le Sahel, une s\u00e9rie de foras r\u00e9gionaux. L\u2019objectif est de recueillir dans chaque r\u00e9gion les pr\u00e9occupations des femmes qui seront pr\u00e9sent\u00e9es au pr\u00e9sident du Faso, lors du [&hellip;]<\/p>\n","protected":false},"author":1816,"featured_media":0,"comment_status":"closed","ping_status":"closed","sticky":false,"template":"","format":"standard","meta":{"fifu_image_url":"","fifu_image_alt":"","footnotes":""},"categories":[73,81],"tags":[],"class_list":["post-75647","post","type-post","status-publish","format-standard","hentry","category-actualite","category-burkina-faso"],"_links":{"self":[{"href":"https:\/\/linitiative.ca\/International\/wp-json\/wp\/v2\/posts\/75647","targetHints":{"allow":["GET"]}}],"collection":[{"href":"https:\/\/linitiative.ca\/International\/wp-json\/wp\/v2\/posts"}],"about":[{"href":"https:\/\/linitiative.ca\/International\/wp-json\/wp\/v2\/types\/post"}],"author":[{"embeddable":true,"href":"https:\/\/linitiative.ca\/International\/wp-json\/wp\/v2\/users\/1816"}],"replies":[{"embeddable":true,"href":"https:\/\/linitiative.ca\/International\/wp-json\/wp\/v2\/comments?post=75647"}],"version-history":[{"count":0,"href":"https:\/\/linitiative.ca\/International\/wp-json\/wp\/v2\/posts\/75647\/revisions"}],"wp:attachment":[{"href":"https:\/\/linitiative.ca\/International\/wp-json\/wp\/v2\/media?parent=75647"}],"wp:term":[{"taxonomy":"category","embeddable":true,"href":"https:\/\/linitiative.ca\/International\/wp-json\/wp\/v2\/categories?post=75647"},{"taxonomy":"post_tag","embeddable":true,"href":"https:\/\/linitiative.ca\/International\/wp-json\/wp\/v2\/tags?post=75647"}],"curies":[{"name":"wp","href":"https:\/\/api.w.org\/{rel}","templated":true}]}}