{"id":75648,"date":"2020-02-09T17:34:33","date_gmt":"2020-02-09T22:34:33","guid":{"rendered":"https:\/\/linitiative.ca\/International\/conseil-superieur-de-la-communication\/"},"modified":"2020-02-09T17:34:33","modified_gmt":"2020-02-09T22:34:33","slug":"conseil-superieur-de-la-communication","status":"publish","type":"post","link":"https:\/\/linitiative.ca\/International\/conseil-superieur-de-la-communication\/","title":{"rendered":"Conseil sup\u00e9rieur de la communication"},"content":{"rendered":"<div class=\"td-post-featured-image\"><a href=\"https:\/\/i0.wp.com\/www.sidwaya.info\/wp-content\/uploads\/2020\/02\/cscmatias10.gif?fit=828%2C643&#038;ssl=1\" data-caption=\"\"><img loading=\"lazy\" decoding=\"async\" width=\"696\" height=\"540\" class=\"entry-thumb td-modal-image\" src=\"https:\/\/i0.wp.com\/www.sidwaya.info\/wp-content\/uploads\/2020\/02\/cscmatias10.gif?resize=696%2C540&#038;ssl=1\" alt=\"\" title=\"cscmatias10\"\/><\/a><\/div>\n<p><strong>Le coll\u00e8ge des conseillers du Conseil sup\u00e9rieur de la communication (CSC) avec \u00e0 sa t\u00eate le pr\u00e9sident de l\u2019institution, Mathias Tankoano, ont pr\u00e9sent\u00e9 leurs v\u0153ux de nouvel an au personnel et au monde de la communication, le vendredi 7 f\u00e9vrier 2020 \u00e0 Ouagadougou.<\/strong><\/p>\n<p>L\u2019ann\u00e9e 2019 a globalement \u00e9t\u00e9 positive pour le Conseil sup\u00e9rieur de la communication (CSC). En effet, elle a consacr\u00e9 la r\u00e9alisation de nombreuses activit\u00e9s dont la signature d\u2019une convention avec la Haute autorit\u00e9 de la communication audiovisuelle (HACA) du Maroc pour l\u2019acquisition d\u2019un syst\u00e8me performant de monitoring des m\u00e9dias d\u00e9nomm\u00e9 : \u00ab HACA M\u00e9dia Solution \u00bb (HMS). C\u2019est le bilan global dress\u00e9 par le pr\u00e9sident de l\u2019institution, Mathias Tankoano, au cours de la c\u00e9r\u00e9monie de pr\u00e9sentation de v\u0153ux du coll\u00e8ge des conseillers au personnel et au monde de la communication dans la soir\u00e9e du vendredi 7 f\u00e9vrier 2020 \u00e0 Ouagadougou. Aux dires de M. Tankoano, cette performance de l\u2019institution est \u00e0 mettre \u00e0 l\u2019actif du d\u00e9vouement et du dynamisme du coll\u00e8ge des conseillers et des membres de l\u2019administration. Il a, \u00e0 cet effet, exprim\u00e9 \u00e0 leur endroit toute sa gratitude et sa reconnaissance pour leur soutien et leur esprit de solidarit\u00e9 et de fraternit\u00e9. Il les a encourag\u00e9s \u00e0 maintenir et \u00e0 consolider cet esprit afin de relever les d\u00e9fis qui se pr\u00e9sentent \u00e0 l\u2019institution en cette nouvelle ann\u00e9e. Le plus grand d\u00e9fi, selon M. Tankoano reste l\u2019organisation de la couverture m\u00e9diatique des \u00e9lections coupl\u00e9es. Tout en promettant que son institution mettra tout en \u0153uvre pour relever le d\u00e9fi, il a toutefois reconnu que cela ne sera possible sans le concours de ses partenaires notamment les m\u00e9dias. \u00ab Le r\u00f4le que doit jouer la communication est ind\u00e9niable pour la r\u00e9ussite des scrutins et pour la pr\u00e9servation de la paix sociale \u00bb, a-t-il d\u00e9clar\u00e9 avant d\u2019exhorter les m\u00e9dias \u00e0 assurer avec professionnalisme leurs missions d\u2019information et de sensibilisation. \u00ab L\u2019actualit\u00e9 nationale d\u00e9j\u00e0 foisonnante, nous invite \u00e0 une plus grande vigilance dans le traitement de l\u2019information en cette ann\u00e9e \u00e9lectorale, dans un contexte de d\u00e9fis s\u00e9curitaires. Les hommes et femmes de m\u00e9dias doivent relayer toutes les opinions dans leur diversit\u00e9 avec beaucoup de professionnalisme et de responsabilit\u00e9 de sorte \u00e0 informer sainement les populations et \u00e0 \u00eatre des vecteurs de paix et de coh\u00e9sion sociale \u00bb, s\u2019est-il exprim\u00e9. En plus des m\u00e9dias, le premier responsable du CSC a demand\u00e9 l\u2019accompagnement des organisations professionnelles des m\u00e9dias et des publicitaires associ\u00e9s qui constituent \u00e9galement des partenaires importants de l\u2019institution. \u00ab Je demeure convaincu que c\u2019est ensemble, dans la compl\u00e9mentarit\u00e9 de nos actions que nous am\u00e9liorerons la condition du journaliste burkinab\u00e8 et la viabilit\u00e9 de nos entreprises de communication \u00bb, a-t-il laiss\u00e9 entendre. Son appel a \u00e9t\u00e9 entendu puisque le repr\u00e9sentant des organisations professionnelles des m\u00e9dias, Charlemagne Abissi et celui de publicitaires associ\u00e9s, Salif Sanfo ont tous deux rassur\u00e9 le premier responsable du CSC du soutien de leurs structures pour l\u2019atteinte des objectifs de l\u2019institution. M. Abissi a tout de m\u00eame profit\u00e9 de cette occasion pour plaider pour un accompagnement plus accru des entreprises de presse \u00ab dans un contexte o\u00f9 la T\u00e9l\u00e9vision num\u00e9rique de terre bien qu\u2019\u00e9tant une opportunit\u00e9 risque d\u2019\u00e9touffer les t\u00e9l\u00e9visions avec les nouvelles taxes qui p\u00e8sent sur leurs \u00e9paules \u00bb. M. Sanfo quant \u00e0 lui, a, au nom de publicitaires associ\u00e9s, souhait\u00e9 que des mesures soient prises cette ann\u00e9e pour d\u00e9finitivement barrer la route aux agences de communication fant\u00f4mes. Mathias Tankoano les a rassur\u00e9s que des mesures ont \u00e9t\u00e9 prises en 2019 et seront poursuivies cette ann\u00e9e en vue de cr\u00e9er un environnement plus viable pour les entreprises de presse et de communication. Il s\u2019agit notamment du plaidoyer pour l\u2019all\u00e8gement de la fiscalit\u00e9 applicable aux entreprises de presse et la mise en \u0153uvre de la r\u00e8glementation de l\u2019activit\u00e9 des publicitaires afin d\u2019assainir le secteur.<\/p>\n<p>Nad\u00e8ge YAMEOGO<\/p>\n<div class=\"td-a-rec td-a-rec-id-content_bottom tdi_30_a51 td_block_template_1\"><img loading=\"lazy\" decoding=\"async\" class=\"aligncenter size-full wp-image-9623\" src=\"https:\/\/www.sidwaya.info\/wp-content\/uploads\/2019\/06\/Projet-bannie%CC%80re-Orange-mobile.jpg\" alt=\"\" width=\"728\" height=\"81\"\/><\/div>\n<p>Auteur: BM. Sidwaya<br \/>\n<a href=\"https:\/\/www.sidwaya.info\/blog\/2020\/02\/09\/conseil-superieur-de-la-communication\/\">Cliquez ici pour lire l&rsquo;article depuis sa source.<\/a><\/p>\n","protected":false},"excerpt":{"rendered":"<p>Le coll\u00e8ge des conseillers du Conseil sup\u00e9rieur de la communication (CSC) avec \u00e0 sa t\u00eate le pr\u00e9sident de l\u2019institution, Mathias Tankoano, ont pr\u00e9sent\u00e9 leurs v\u0153ux de nouvel an au personnel et au monde de la communication, le vendredi 7 f\u00e9vrier 2020 \u00e0 Ouagadougou. L\u2019ann\u00e9e 2019 a globalement \u00e9t\u00e9 positive pour le Conseil sup\u00e9rieur de la [&hellip;]<\/p>\n","protected":false},"author":1816,"featured_media":0,"comment_status":"closed","ping_status":"closed","sticky":false,"template":"","format":"standard","meta":{"fifu_image_url":"","fifu_image_alt":"","footnotes":""},"categories":[73,81],"tags":[],"class_list":["post-75648","post","type-post","status-publish","format-standard","hentry","category-actualite","category-burkina-faso"],"_links":{"self":[{"href":"https:\/\/linitiative.ca\/International\/wp-json\/wp\/v2\/posts\/75648","targetHints":{"allow":["GET"]}}],"collection":[{"href":"https:\/\/linitiative.ca\/International\/wp-json\/wp\/v2\/posts"}],"about":[{"href":"https:\/\/linitiative.ca\/International\/wp-json\/wp\/v2\/types\/post"}],"author":[{"embeddable":true,"href":"https:\/\/linitiative.ca\/International\/wp-json\/wp\/v2\/users\/1816"}],"replies":[{"embeddable":true,"href":"https:\/\/linitiative.ca\/International\/wp-json\/wp\/v2\/comments?post=75648"}],"version-history":[{"count":0,"href":"https:\/\/linitiative.ca\/International\/wp-json\/wp\/v2\/posts\/75648\/revisions"}],"wp:attachment":[{"href":"https:\/\/linitiative.ca\/International\/wp-json\/wp\/v2\/media?parent=75648"}],"wp:term":[{"taxonomy":"category","embeddable":true,"href":"https:\/\/linitiative.ca\/International\/wp-json\/wp\/v2\/categories?post=75648"},{"taxonomy":"post_tag","embeddable":true,"href":"https:\/\/linitiative.ca\/International\/wp-json\/wp\/v2\/tags?post=75648"}],"curies":[{"name":"wp","href":"https:\/\/api.w.org\/{rel}","templated":true}]}}