{"id":75649,"date":"2020-02-09T14:50:06","date_gmt":"2020-02-09T19:50:06","guid":{"rendered":"https:\/\/linitiative.ca\/International\/syrie-a-idleb-le-regime-en-passe-de-reprendre-le-controle-dune-autoroute-cle-5-civils-tues\/"},"modified":"2020-02-09T14:50:06","modified_gmt":"2020-02-09T19:50:06","slug":"syrie-a-idleb-le-regime-en-passe-de-reprendre-le-controle-dune-autoroute-cle-5-civils-tues","status":"publish","type":"post","link":"https:\/\/linitiative.ca\/International\/syrie-a-idleb-le-regime-en-passe-de-reprendre-le-controle-dune-autoroute-cle-5-civils-tues\/","title":{"rendered":"Syrie: \u00e0 Idleb, le r\u00e9gime en passe de reprendre le contr\u00f4le d\u2019une autoroute cl\u00e9, 5 civils tu\u00e9s"},"content":{"rendered":"<div readability=\"32\">\n<p>Publi\u00e9 le 09.02.2020 \u00e0 20h50 par AFP<\/p>\n<\/div>\n<div readability=\"124\">\n<p>Les forces du r\u00e9gime syrien sont sur le point de reprendre l\u2019int\u00e9gralit\u00e9 d\u2019une autoroute strat\u00e9gique dans la r\u00e9gion d\u2019Idleb, dernier bastion sous contr\u00f4le jihadiste et rebelle qu\u2019elles cherchent \u00e0 reconqu\u00e9rir dans le nord-ouest de la Syrie, a indiqu\u00e9 dimanche l\u2019Observatoire syrien des droits de l\u2019Homme (OSDH).<\/p>\n<p>Cinq civils ont \u00e9t\u00e9 tu\u00e9s dans des frappes a\u00e9riennes sur le sud-ouest d\u2019Alep et le sud d\u2019Idleb, selon l\u2019OSDH. Trois d\u2019entre eux sont morts dans des raids russes, a affirm\u00e9 l\u2019ONG.<\/p>\n<p>L\u2019autoroute M5 relie le sud du pays \u00e0 la grande ville d\u2019Alep dans le nord, en passant par Damas, la capitale. Ces deux m\u00e9tropoles sont aux mains du r\u00e9gime.<\/p>\n<p>Soutenu par l\u2019aviation russe, le r\u00e9gime de Bachar al-Assad a lanc\u00e9 en d\u00e9cembre une nouvelle offensive dans la r\u00e9gion d\u2019Idleb qui lui \u00e9chappe avec en ligne de mire la reconqu\u00eate de cet axe routier cl\u00e9.<\/p>\n<p>Un peu plus de la moiti\u00e9 de la province d\u2019Idleb et des secteurs attenants des provinces voisines d\u2019Alep, Hama et Lattaqui\u00e9, sont toujours domin\u00e9s par les jihadistes de Hayat Tahrir al-Cham (HTS, ex-branche syrienne d\u2019Al-Qa\u00efda).<\/p>\n<p>La r\u00e9gion abrite aussi d\u2019autres groupuscules jihadistes et des groupes rebelles affaiblis.<\/p>\n<p>Selon l\u2019OSDH, seul un tron\u00e7on de la M5, long de deux kilom\u00e8tres et situ\u00e9 dans l\u2019ouest de la province d\u2019Alep, \u00e9chappe toujours au pouvoir.<\/p>\n<p>\u00ab\u00a0Les forces du r\u00e9gime ont encore avanc\u00e9 sur le terrain dimanche, prenant le contr\u00f4le de plusieurs villages\u00a0\u00bb situ\u00e9s pr\u00e8s de l\u2019autoroute, a indiqu\u00e9 \u00e0 l\u2019AFP le directeur de l\u2019OSDH, Rami Abdel Rahmane.<\/p>\n<p>En d\u00e9but de soir\u00e9e, les \u00ab\u00a0combats se poursuivaient\u00a0\u00bb dans le secteur, tandis que les \u00ab\u00a0bombardements se sont intensifi\u00e9s\u00a0\u00bb, a ajout\u00e9 M. Abdel Rahmane.<\/p>\n<p>Dans un communiqu\u00e9 publi\u00e9 dimanche, l\u2019arm\u00e9e a indiqu\u00e9 avoir reconquis ces derniers jours \u00ab\u00a0des dizaines de villages et localit\u00e9s\u00a0\u00bb dans le sud d\u2019Idleb et l\u2019ouest d\u2019Alep, s\u2019emparant au total de \u00ab\u00a0600 km2\u00a0\u00bb.<\/p>\n<p>L\u2019arm\u00e9e syrienne a repris samedi aux jihadistes et rebelles la ville cl\u00e9 de Saraqeb, travers\u00e9e par la M5, apr\u00e8s la reconqu\u00eate fin janvier de la ville de Maaret al-Noomane, la deuxi\u00e8me plus grande de la province d\u2019Idleb, situ\u00e9e \u00e9galement sur la M5.<\/p>\n<p>Par ailleurs, le gouvernement syrien a approuv\u00e9 dimanche un plan visant \u00e0 \u00ab\u00a0r\u00e9tablir progressivement les services (publics) dans les zones lib\u00e9r\u00e9es (\u2026) des gouvernorats d\u2019Alep et d\u2019Idleb\u00a0\u00bb, a rapport\u00e9 l\u2019agence officielle Sana.<\/p>\n<p>L\u2019op\u00e9ration militaire lanc\u00e9e \u00e0 la mi-d\u00e9cembre par le r\u00e9gime, soutenu par Moscou, a tu\u00e9 plus de 300 civils selon l\u2019OSDH, et provoqu\u00e9 l\u2019exode de 586.000 civils, d\u2019apr\u00e8s l\u2019ONU.<\/p>\n<p>L\u2019avanc\u00e9e des forces du r\u00e9gime suscite le courroux de la Turquie qui avait convenu en septembre 2018 avec la Russie de cr\u00e9er une \u00ab\u00a0zone d\u00e9militaris\u00e9e\u00a0\u00bb sous contr\u00f4le russo-turc dans cette r\u00e9gion.<\/p>\n<p>Depuis vendredi, 350 v\u00e9hicules turcs ont franchi la fronti\u00e8re syro-turque en direction d\u2019Idleb, selon l\u2019agence \u00e9tatique turque Anadolu.<\/p>\n<p>Le front de la r\u00e9gion d\u2019Idleb repr\u00e9sente la derni\u00e8re grande bataille strat\u00e9gique pour le r\u00e9gime syrien, qui contr\u00f4le d\u00e9sormais plus de 70% du territoire national, selon l\u2019OSDH.<\/p>\n<p>Le conflit en Syrie a fait plus de 380.000 morts depuis 2011 et jet\u00e9 sur la route de l\u2019exil plus de la moiti\u00e9 de la population d\u2019avant-guerre.<\/p>\n<\/div>\n<p>Auteur: AFP<br \/>\n<a href=\"https:\/\/www.journalducameroun.com\/syrie-a-idleb-le-regime-en-passe-de-reprendre-le-controle-dune-autoroute-cle-5-civils-tues\/\">Cliquez ici pour lire l&rsquo;article depuis sa source.<\/a><\/p>\n","protected":false},"excerpt":{"rendered":"<p>Publi\u00e9 le 09.02.2020 \u00e0 20h50 par AFP Les forces du r\u00e9gime syrien sont sur le point de reprendre l\u2019int\u00e9gralit\u00e9 d\u2019une autoroute strat\u00e9gique dans la r\u00e9gion d\u2019Idleb, dernier bastion sous contr\u00f4le jihadiste et rebelle qu\u2019elles cherchent \u00e0 reconqu\u00e9rir dans le nord-ouest de la Syrie, a indiqu\u00e9 dimanche l\u2019Observatoire syrien des droits de l\u2019Homme (OSDH). Cinq civils [&hellip;]<\/p>\n","protected":false},"author":1965,"featured_media":0,"comment_status":"closed","ping_status":"closed","sticky":false,"template":"","format":"standard","meta":{"fifu_image_url":"","fifu_image_alt":"","footnotes":""},"categories":[73,82],"tags":[],"class_list":["post-75649","post","type-post","status-publish","format-standard","hentry","category-actualite","category-cameroun"],"_links":{"self":[{"href":"https:\/\/linitiative.ca\/International\/wp-json\/wp\/v2\/posts\/75649","targetHints":{"allow":["GET"]}}],"collection":[{"href":"https:\/\/linitiative.ca\/International\/wp-json\/wp\/v2\/posts"}],"about":[{"href":"https:\/\/linitiative.ca\/International\/wp-json\/wp\/v2\/types\/post"}],"author":[{"embeddable":true,"href":"https:\/\/linitiative.ca\/International\/wp-json\/wp\/v2\/users\/1965"}],"replies":[{"embeddable":true,"href":"https:\/\/linitiative.ca\/International\/wp-json\/wp\/v2\/comments?post=75649"}],"version-history":[{"count":0,"href":"https:\/\/linitiative.ca\/International\/wp-json\/wp\/v2\/posts\/75649\/revisions"}],"wp:attachment":[{"href":"https:\/\/linitiative.ca\/International\/wp-json\/wp\/v2\/media?parent=75649"}],"wp:term":[{"taxonomy":"category","embeddable":true,"href":"https:\/\/linitiative.ca\/International\/wp-json\/wp\/v2\/categories?post=75649"},{"taxonomy":"post_tag","embeddable":true,"href":"https:\/\/linitiative.ca\/International\/wp-json\/wp\/v2\/tags?post=75649"}],"curies":[{"name":"wp","href":"https:\/\/api.w.org\/{rel}","templated":true}]}}