{"id":75650,"date":"2020-02-09T14:50:09","date_gmt":"2020-02-09T19:50:09","guid":{"rendered":"https:\/\/linitiative.ca\/International\/ouganda-arrivee-des-criquets-pelerins-destructeurs\/"},"modified":"2020-02-09T14:50:09","modified_gmt":"2020-02-09T19:50:09","slug":"ouganda-arrivee-des-criquets-pelerins-destructeurs","status":"publish","type":"post","link":"https:\/\/linitiative.ca\/International\/ouganda-arrivee-des-criquets-pelerins-destructeurs\/","title":{"rendered":"Ouganda: arriv\u00e9e des criquets p\u00e9lerins destructeurs"},"content":{"rendered":"<div readability=\"32\">\n<p>Publi\u00e9 le 09.02.2020 \u00e0 20h50 par AFP<\/p>\n<\/div>\n<div readability=\"74\">\n<p>Des essaims de criquets p\u00e9lerins qui ont travers\u00e9 la Corne de l\u2019Afrique sont arriv\u00e9s en Ouganda dimanche, a annonc\u00e9 un ministre ougandais au moment o\u00f9 le Premier ministre tenait une r\u00e9union d\u2019urgence sur les moyens de lutter contre ce fl\u00e9au.<\/p>\n<p>\u00ab\u00a0Les crickets sont entr\u00e9s dans le pays aujourd\u2019hui\u00a0\u00bb dimanche, en provenance du Kenya, a pr\u00e9cis\u00e9 le ministre charg\u00e9 de la r\u00e9gion frontali\u00e8re du Karamoja (nord-est) o\u00f9 les insectes ont \u00e9t\u00e9 rep\u00e9r\u00e9s, Moses Kizige.<\/p>\n<p>Des essaims de criquets ont d\u00e9vast\u00e9 l\u2019approvisionnement alimentaire du Kenya, de l\u2019Ethiopie et de la Somalie, et l\u2019Organisation de l\u2019ONU pour l\u2019alimentation et l\u2019agriculture (FAO) estime que la situation est la pire depuis vingt-cinq ans.<\/p>\n<p>L\u2019invasion de criquets a \u00e9t\u00e9 d\u00e9clar\u00e9e \u00ab\u00a0urgence nationale\u00a0\u00bb en Somalie, dans l\u2019une des r\u00e9gions les plus pauvres et les plus vuln\u00e9rables du monde.<\/p>\n<p>D\u2019\u00e9pais nuages de crickets affam\u00e9s se sont r\u00e9pandus depuis l\u2019Ethiopie et la Somalie jusqu\u2019au Kenya, o\u00f9 la FAO a estim\u00e9 qu\u2019un seul de ces essaims couvrait une surface de 2.400 km2, la taille du Luxembourg.<\/p>\n<p>Un tel essaim contiendrait quelque 200 milliards de criquets \u2013 et chacun d\u00e9vore chaque jour l\u2019\u00e9quivalent de son propre poids (deux grammes), soit un total de 400.000 tonnes de nourriture. Il est capable de parcourir 150 km par jour et de ravager les moyens d\u2019existence des populations rurales dans sa course effr\u00e9n\u00e9e pour se nourrir et se reproduire.<\/p>\n<p>La FAO met en garde contre l\u2019arriv\u00e9e de criquets affectant toute une r\u00e9gion.<\/p>\n<p>Si le ph\u00e9nom\u00e8ne s\u2019aggrave, sur un an ou plus, il devient une \u00ab\u00a0invasion\u00a0\u00bb de criquets.<\/p>\n<p>Il y a eu six \u00ab\u00a0invasions\u00a0\u00bb de criquets au XXe si\u00e8cle, dont la derni\u00e8re s\u2019est produite en 1987-89.<\/p>\n<\/div>\n<p>Auteur: AFP<br \/>\n<a href=\"https:\/\/www.journalducameroun.com\/ouganda-arrivee-des-criquets-pelerins-destructeurs\/\">Cliquez ici pour lire l&rsquo;article depuis sa source.<\/a><\/p>\n","protected":false},"excerpt":{"rendered":"<p>Publi\u00e9 le 09.02.2020 \u00e0 20h50 par AFP Des essaims de criquets p\u00e9lerins qui ont travers\u00e9 la Corne de l\u2019Afrique sont arriv\u00e9s en Ouganda dimanche, a annonc\u00e9 un ministre ougandais au moment o\u00f9 le Premier ministre tenait une r\u00e9union d\u2019urgence sur les moyens de lutter contre ce fl\u00e9au. \u00ab\u00a0Les crickets sont entr\u00e9s dans le pays aujourd\u2019hui\u00a0\u00bb [&hellip;]<\/p>\n","protected":false},"author":1965,"featured_media":0,"comment_status":"closed","ping_status":"closed","sticky":false,"template":"","format":"standard","meta":{"fifu_image_url":"","fifu_image_alt":"","footnotes":""},"categories":[73,82],"tags":[],"class_list":["post-75650","post","type-post","status-publish","format-standard","hentry","category-actualite","category-cameroun"],"_links":{"self":[{"href":"https:\/\/linitiative.ca\/International\/wp-json\/wp\/v2\/posts\/75650","targetHints":{"allow":["GET"]}}],"collection":[{"href":"https:\/\/linitiative.ca\/International\/wp-json\/wp\/v2\/posts"}],"about":[{"href":"https:\/\/linitiative.ca\/International\/wp-json\/wp\/v2\/types\/post"}],"author":[{"embeddable":true,"href":"https:\/\/linitiative.ca\/International\/wp-json\/wp\/v2\/users\/1965"}],"replies":[{"embeddable":true,"href":"https:\/\/linitiative.ca\/International\/wp-json\/wp\/v2\/comments?post=75650"}],"version-history":[{"count":0,"href":"https:\/\/linitiative.ca\/International\/wp-json\/wp\/v2\/posts\/75650\/revisions"}],"wp:attachment":[{"href":"https:\/\/linitiative.ca\/International\/wp-json\/wp\/v2\/media?parent=75650"}],"wp:term":[{"taxonomy":"category","embeddable":true,"href":"https:\/\/linitiative.ca\/International\/wp-json\/wp\/v2\/categories?post=75650"},{"taxonomy":"post_tag","embeddable":true,"href":"https:\/\/linitiative.ca\/International\/wp-json\/wp\/v2\/tags?post=75650"}],"curies":[{"name":"wp","href":"https:\/\/api.w.org\/{rel}","templated":true}]}}