{"id":75652,"date":"2020-02-09T15:19:32","date_gmt":"2020-02-09T20:19:32","guid":{"rendered":"https:\/\/linitiative.ca\/International\/resultats-des-legislatives-le-pcrn-talonne-le-rdpc-a-nkol-eton\/"},"modified":"2020-02-09T15:19:32","modified_gmt":"2020-02-09T20:19:32","slug":"resultats-des-legislatives-le-pcrn-talonne-le-rdpc-a-nkol-eton","status":"publish","type":"post","link":"https:\/\/linitiative.ca\/International\/resultats-des-legislatives-le-pcrn-talonne-le-rdpc-a-nkol-eton\/","title":{"rendered":"R\u00e9sultats des L\u00e9gislatives\u00a0: le PCRN talonne le RDPC \u00e0 Nkol-Eton"},"content":{"rendered":"<div class=\"featured-area featured-area-inner\" readability=\"7\"><img loading=\"lazy\" decoding=\"async\" width=\"780\" height=\"405\" src=\"https:\/\/i0.wp.com\/ecomatin.net\/wp-content\/uploads\/2020\/02\/armand-okol-2.jpg?resize=780%2C405&#038;ssl=1&#038;is-pending-load=1\" class=\"attachment-jannah-image-post size-jannah-image-post wp-post-image jetpack-lazy-image\" alt=\"\" srcset=\"data:image\/gif;base64,R0lGODlhAQABAIAAAAAAAP\/\/\/yH5BAEAAAAALAAAAAABAAEAAAIBRAA7\"\/> Le candidat du PCRN est donn\u00e9 deuxi\u00e8me par les r\u00e9sultats du d\u00e9pouillement.<\/div>\n<div class=\"entry-content entry clearfix\" readability=\"47.1569086651\">\n<p class=\"yiv2349428178msonormal\"><span class=\"c2\">Le Centre de vote de Nkol-Eton dans l\u2019arrondissement de Yaound\u00e9 1<sup>er<\/sup>\u00a0enregistre 1 347 inscrits sur les listes comptant pour les \u00e9lections municipales et l\u00e9gislatives. Soit 361 personnes pour les Municipales et 468 votants pour les L\u00e9gislatives.<\/span><\/p>\n<p class=\"yiv2349428178msonormal\"><span class=\"c2\">Dans les cinq bureaux de vote que compte ce Centre, et pour le compte des L\u00e9gislatives, le RDPC a enregistr\u00e9\u00a0<strong>414<\/strong>\u00a0voix devant le\u00a0<strong>PCRN<\/strong>\u00a0qui arrive avec\u00a0<strong>26<\/strong>\u00a0voix. Suivent le\u00a0<strong>SDF<\/strong>\u00a0avec\u00a0<strong>20\u00a0<\/strong>voix, puis l\u2019<strong>UPC<\/strong>\u00a0qui compte\u00a0<strong>7<\/strong>\u00a0voix et le\u00a0<strong>PADDEC<\/strong>\u00a0de Jean De Dieu Momo dernier de la liste, qui n\u2019a re\u00e7u aucun suffrage.<\/span><\/p>\n<p class=\"yiv2349428178msonormal\"><span class=\"c2\">Dans le cadre des \u00e9lections municipales, le RDPC a ravi la vedette au Social d\u00e9mocratique Front avec\u00a0<strong>327<\/strong>\u00a0voix pour le RDPC contre\u00a0<strong>23<\/strong>\u00a0voix pour le\u00a0<strong>SDF<\/strong>. Au total le centre de vote de Nkol-Eton enregistre\u00a0<strong>11<\/strong>\u00a0bulletins nuls.<\/span><\/p>\n<p class=\"yiv2349428178msonormal\"><span class=\"c2\">\u00a0<\/span><\/p>\n<div class=\"sharedaddy sd-sharing-enabled robots-nocontent sd-block sd-social sd-social-icon-text sd-sharing\">\n<h3 class=\"sd-title\">Partager\u00a0:<\/h3>\n<\/div>\n<p><h3 class=\"jp-relatedposts-headline\"><em>Articles similaires<\/em><\/h3>\n<\/p>\n<\/div>\n<div class=\"toggle-post-content clearfix\"><a id=\"toggle-post-button\" class=\"button\" href=\"#\">Afficher plus <\/a><\/div>\n<p>Auteur: Serges Bontsebe<br \/>\n<a href=\"https:\/\/ecomatin.net\/resultats-des-legislatives-le-pcrn-talonne-le-rdpc-a-nkol-eton\/\">Cliquez ici pour lire l&rsquo;article depuis sa source.<\/a><\/p>\n","protected":false},"excerpt":{"rendered":"<p>Le candidat du PCRN est donn\u00e9 deuxi\u00e8me par les r\u00e9sultats du d\u00e9pouillement. Le Centre de vote de Nkol-Eton dans l\u2019arrondissement de Yaound\u00e9 1er\u00a0enregistre 1 347 inscrits sur les listes comptant pour les \u00e9lections municipales et l\u00e9gislatives. Soit 361 personnes pour les Municipales et 468 votants pour les L\u00e9gislatives. Dans les cinq bureaux de vote que [&hellip;]<\/p>\n","protected":false},"author":1969,"featured_media":0,"comment_status":"closed","ping_status":"closed","sticky":false,"template":"","format":"standard","meta":{"fifu_image_url":"","fifu_image_alt":"","footnotes":""},"categories":[82,78],"tags":[],"class_list":["post-75652","post","type-post","status-publish","format-standard","hentry","category-cameroun","category-economie"],"_links":{"self":[{"href":"https:\/\/linitiative.ca\/International\/wp-json\/wp\/v2\/posts\/75652","targetHints":{"allow":["GET"]}}],"collection":[{"href":"https:\/\/linitiative.ca\/International\/wp-json\/wp\/v2\/posts"}],"about":[{"href":"https:\/\/linitiative.ca\/International\/wp-json\/wp\/v2\/types\/post"}],"author":[{"embeddable":true,"href":"https:\/\/linitiative.ca\/International\/wp-json\/wp\/v2\/users\/1969"}],"replies":[{"embeddable":true,"href":"https:\/\/linitiative.ca\/International\/wp-json\/wp\/v2\/comments?post=75652"}],"version-history":[{"count":0,"href":"https:\/\/linitiative.ca\/International\/wp-json\/wp\/v2\/posts\/75652\/revisions"}],"wp:attachment":[{"href":"https:\/\/linitiative.ca\/International\/wp-json\/wp\/v2\/media?parent=75652"}],"wp:term":[{"taxonomy":"category","embeddable":true,"href":"https:\/\/linitiative.ca\/International\/wp-json\/wp\/v2\/categories?post=75652"},{"taxonomy":"post_tag","embeddable":true,"href":"https:\/\/linitiative.ca\/International\/wp-json\/wp\/v2\/tags?post=75652"}],"curies":[{"name":"wp","href":"https:\/\/api.w.org\/{rel}","templated":true}]}}