{"id":75653,"date":"2020-02-09T15:33:15","date_gmt":"2020-02-09T20:33:15","guid":{"rendered":"https:\/\/linitiative.ca\/International\/yaounde-iv-le-rdpc-rafle-tout-a-nkomo\/"},"modified":"2020-02-09T15:33:15","modified_gmt":"2020-02-09T20:33:15","slug":"yaounde-iv-le-rdpc-rafle-tout-a-nkomo","status":"publish","type":"post","link":"https:\/\/linitiative.ca\/International\/yaounde-iv-le-rdpc-rafle-tout-a-nkomo\/","title":{"rendered":"Yaound\u00e9 IV : le RDPC rafle tout \u00e0 Nkomo"},"content":{"rendered":"<div class=\"featured-area featured-area-inner\" readability=\"7\"><img loading=\"lazy\" decoding=\"async\" width=\"512\" height=\"405\" src=\"https:\/\/i1.wp.com\/ecomatin.net\/wp-content\/uploads\/2020\/02\/Mbvoum-Parfait.jpg?resize=512%2C405&#038;ssl=1&#038;is-pending-load=1\" class=\"attachment-jannah-image-post size-jannah-image-post wp-post-image jetpack-lazy-image\" alt=\"\" srcset=\"data:image\/gif;base64,R0lGODlhAQABAIAAAAAAAP\/\/\/yH5BAEAAAAALAAAAAABAAEAAAIBRAA7\"\/> Le candidat du SDF est donn\u00e9 perdant dans son centre de vote.<\/div>\n<div class=\"entry-content entry clearfix\" readability=\"64.204730832\">\n<p>Le Coll\u00e8ge la Saintet\u00e9 sis au quartier Nkomo a accueilli un centre de vote compos\u00e9 de 4 bureaux de vote (A, B, C, D) dans le cadre des \u00e9lections l\u00e9gislatives et municipales de ce 9 f\u00e9vrier 2020. Apr\u00e8s la fermeture des bureaux de vote, les op\u00e9rations de d\u00e9pouillement des votes ont commenc\u00e9 aussit\u00f4t apr\u00e8s 18h.<\/p>\n<p>Dans ce centre o\u00f9 a vot\u00e9 <strong>Parfait Mbvoum,<\/strong> candidat du SDF \u00e0 la d\u00e9putation, le d\u00e9pouillement s\u2019est d\u00e9roul\u00e9 en deux phases. La premi\u00e8re \u00e9tait consacr\u00e9e aux \u00e9lections municipales. Deux partis politiques \u00e9taient en lice (RDPC, PRP). Tandis que la deuxi\u00e8me \u00e9tait consacr\u00e9e aux L\u00e9gislatives pour lesquelles cinq partis politiques \u00e9taient en lice: le RDPC, le SDF, le PCRN, le PADDEC et l\u2019UPC.<\/p>\n<p>S\u2019agissant des municipales, apr\u00e8s d\u00e9pouillement par les scrutateurs, le parti au pouvoir arrive en t\u00eate avec <strong>226 voix<\/strong>, suivi du PRP avec <strong>100 voix<\/strong>. <strong>12 bulletins<\/strong>\u00a0nuls ont \u00e9t\u00e9 constat\u00e9s.<\/p>\n<p>S\u2019agissant des L\u00e9gislatives, les r\u00e9sultats ont plac\u00e9 le <strong>RDPC<\/strong> en premi\u00e8re position avec <strong>235 voix<\/strong>, suivi du <strong>PCRN de Cabral Libii<\/strong>, <strong>58 voix<\/strong>. En troisi\u00e8me position, arrive le <strong>SDF<\/strong>, <strong>29<\/strong> <strong>voix<\/strong>; <strong>l\u2019UPC<\/strong> avec <strong>8 voix<\/strong> et <strong>le PADDEC de Jean De Dieu Momo<\/strong> (<strong>05 voix<\/strong>).<\/p>\n<div class=\"sharedaddy sd-sharing-enabled robots-nocontent sd-block sd-social sd-social-icon-text sd-sharing\">\n<h3 class=\"sd-title\">Partager\u00a0:<\/h3>\n<\/div>\n<p><h3 class=\"jp-relatedposts-headline\"><em>Articles similaires<\/em><\/h3>\n<\/p>\n<\/div>\n<div class=\"toggle-post-content clearfix\"><a id=\"toggle-post-button\" class=\"button\" href=\"#\">Afficher plus <\/a><\/div>\n<p>Auteur: Serges Bontsebe<br \/>\n<a href=\"https:\/\/ecomatin.net\/yaounde-iv-le-rdpc-rafle-tout-a-nkomo\/\">Cliquez ici pour lire l&rsquo;article depuis sa source.<\/a><\/p>\n","protected":false},"excerpt":{"rendered":"<p>Le candidat du SDF est donn\u00e9 perdant dans son centre de vote. Le Coll\u00e8ge la Saintet\u00e9 sis au quartier Nkomo a accueilli un centre de vote compos\u00e9 de 4 bureaux de vote (A, B, C, D) dans le cadre des \u00e9lections l\u00e9gislatives et municipales de ce 9 f\u00e9vrier 2020. Apr\u00e8s la fermeture des bureaux de [&hellip;]<\/p>\n","protected":false},"author":1969,"featured_media":0,"comment_status":"closed","ping_status":"closed","sticky":false,"template":"","format":"standard","meta":{"fifu_image_url":"","fifu_image_alt":"","footnotes":""},"categories":[82,78],"tags":[],"class_list":["post-75653","post","type-post","status-publish","format-standard","hentry","category-cameroun","category-economie"],"_links":{"self":[{"href":"https:\/\/linitiative.ca\/International\/wp-json\/wp\/v2\/posts\/75653","targetHints":{"allow":["GET"]}}],"collection":[{"href":"https:\/\/linitiative.ca\/International\/wp-json\/wp\/v2\/posts"}],"about":[{"href":"https:\/\/linitiative.ca\/International\/wp-json\/wp\/v2\/types\/post"}],"author":[{"embeddable":true,"href":"https:\/\/linitiative.ca\/International\/wp-json\/wp\/v2\/users\/1969"}],"replies":[{"embeddable":true,"href":"https:\/\/linitiative.ca\/International\/wp-json\/wp\/v2\/comments?post=75653"}],"version-history":[{"count":0,"href":"https:\/\/linitiative.ca\/International\/wp-json\/wp\/v2\/posts\/75653\/revisions"}],"wp:attachment":[{"href":"https:\/\/linitiative.ca\/International\/wp-json\/wp\/v2\/media?parent=75653"}],"wp:term":[{"taxonomy":"category","embeddable":true,"href":"https:\/\/linitiative.ca\/International\/wp-json\/wp\/v2\/categories?post=75653"},{"taxonomy":"post_tag","embeddable":true,"href":"https:\/\/linitiative.ca\/International\/wp-json\/wp\/v2\/tags?post=75653"}],"curies":[{"name":"wp","href":"https:\/\/api.w.org\/{rel}","templated":true}]}}