{"id":75656,"date":"2020-02-09T16:09:06","date_gmt":"2020-02-09T21:09:06","guid":{"rendered":"https:\/\/linitiative.ca\/International\/legislatives-2020-un-candidat-du-pcrn-aux-arrets\/"},"modified":"2020-02-09T16:09:06","modified_gmt":"2020-02-09T21:09:06","slug":"legislatives-2020-un-candidat-du-pcrn-aux-arrets","status":"publish","type":"post","link":"https:\/\/linitiative.ca\/International\/legislatives-2020-un-candidat-du-pcrn-aux-arrets\/","title":{"rendered":"L\u00e9gislatives 2020: un candidat du PCRN aux arr\u00eats"},"content":{"rendered":"<div class=\"featured-area featured-area-inner\" readability=\"8\"><img loading=\"lazy\" decoding=\"async\" width=\"780\" height=\"405\" src=\"https:\/\/i1.wp.com\/ecomatin.net\/wp-content\/uploads\/2020\/02\/cabral_libii_2.jpg?resize=780%2C405&#038;ssl=1&#038;is-pending-load=1\" class=\"attachment-jannah-image-post size-jannah-image-post wp-post-image jetpack-lazy-image\" alt=\"\" srcset=\"data:image\/gif;base64,R0lGODlhAQABAIAAAAAAAP\/\/\/yH5BAEAAAAALAAAAAABAAEAAAIBRAA7\"\/> Cabral Libii, Pr\u00e9sident du PCRN.<\/div>\n<div class=\"entry-content entry clearfix\" readability=\"33.0520446097\">\n<div readability=\"13\">\n<p><span lang=\"FR\">Le candidat titulaire du Pcrn aux \u00e9lections l\u00e9gislatives dans le d\u00e9partement du Mfoundi Angelo Koueli est en garde \u00e0 vue au commissariat du 2<sup>\u00e8me<\/sup> \u00a0arrondissement, depuis quelques heures. Le candidat \u00e0 la d\u00e9putation dit \u00eatre tomb\u00e9 sur un cas flagrant de fraude \u00e9lectorale qu\u2019il s\u2019est engag\u00e9 \u00e0\u00a0 d\u00e9noncer. Il a \u00e9t\u00e9 interpell\u00e9\u00a0 sur instruction du procureur de la R\u00e9publique qui lui reprocherait, selon plusieurs sources, d\u2019avoir perturb\u00e9 le d\u00e9roulement du scrutin.\u00a0<\/span><\/p>\n<\/div>\n<div class=\"sharedaddy sd-sharing-enabled robots-nocontent sd-block sd-social sd-social-icon-text sd-sharing\">\n<h3 class=\"sd-title\">Partager\u00a0:<\/h3>\n<\/div>\n<p><h3 class=\"jp-relatedposts-headline\"><em>Articles similaires<\/em><\/h3>\n<\/p>\n<\/div>\n<div class=\"toggle-post-content clearfix\"><a id=\"toggle-post-button\" class=\"button\" href=\"#\">Afficher plus <\/a><\/div>\n<p>Auteur: Serges Bontsebe<br \/>\n<a href=\"https:\/\/ecomatin.net\/legislatives-2020-un-candidat-du-pcrn-aux-arrets\/\">Cliquez ici pour lire l&rsquo;article depuis sa source.<\/a><\/p>\n","protected":false},"excerpt":{"rendered":"<p>Cabral Libii, Pr\u00e9sident du PCRN. Le candidat titulaire du Pcrn aux \u00e9lections l\u00e9gislatives dans le d\u00e9partement du Mfoundi Angelo Koueli est en garde \u00e0 vue au commissariat du 2\u00e8me \u00a0arrondissement, depuis quelques heures. Le candidat \u00e0 la d\u00e9putation dit \u00eatre tomb\u00e9 sur un cas flagrant de fraude \u00e9lectorale qu\u2019il s\u2019est engag\u00e9 \u00e0\u00a0 d\u00e9noncer. Il a [&hellip;]<\/p>\n","protected":false},"author":1969,"featured_media":0,"comment_status":"closed","ping_status":"closed","sticky":false,"template":"","format":"standard","meta":{"fifu_image_url":"","fifu_image_alt":"","footnotes":""},"categories":[82,78],"tags":[],"class_list":["post-75656","post","type-post","status-publish","format-standard","hentry","category-cameroun","category-economie"],"_links":{"self":[{"href":"https:\/\/linitiative.ca\/International\/wp-json\/wp\/v2\/posts\/75656","targetHints":{"allow":["GET"]}}],"collection":[{"href":"https:\/\/linitiative.ca\/International\/wp-json\/wp\/v2\/posts"}],"about":[{"href":"https:\/\/linitiative.ca\/International\/wp-json\/wp\/v2\/types\/post"}],"author":[{"embeddable":true,"href":"https:\/\/linitiative.ca\/International\/wp-json\/wp\/v2\/users\/1969"}],"replies":[{"embeddable":true,"href":"https:\/\/linitiative.ca\/International\/wp-json\/wp\/v2\/comments?post=75656"}],"version-history":[{"count":0,"href":"https:\/\/linitiative.ca\/International\/wp-json\/wp\/v2\/posts\/75656\/revisions"}],"wp:attachment":[{"href":"https:\/\/linitiative.ca\/International\/wp-json\/wp\/v2\/media?parent=75656"}],"wp:term":[{"taxonomy":"category","embeddable":true,"href":"https:\/\/linitiative.ca\/International\/wp-json\/wp\/v2\/categories?post=75656"},{"taxonomy":"post_tag","embeddable":true,"href":"https:\/\/linitiative.ca\/International\/wp-json\/wp\/v2\/tags?post=75656"}],"curies":[{"name":"wp","href":"https:\/\/api.w.org\/{rel}","templated":true}]}}