{"id":75669,"date":"2020-02-10T05:59:32","date_gmt":"2020-02-10T10:59:32","guid":{"rendered":"https:\/\/linitiative.ca\/International\/patrimoine-immateriel-de-lhumanite-le-palmier-dattier-sur-la-liste-representative-de-lunesco\/"},"modified":"2020-02-10T05:59:32","modified_gmt":"2020-02-10T10:59:32","slug":"patrimoine-immateriel-de-lhumanite-le-palmier-dattier-sur-la-liste-representative-de-lunesco","status":"publish","type":"post","link":"https:\/\/linitiative.ca\/International\/patrimoine-immateriel-de-lhumanite-le-palmier-dattier-sur-la-liste-representative-de-lunesco\/","title":{"rendered":"Patrimoine immat\u00e9riel de l\u2019Humanit\u00e9 : Le palmier dattier sur la liste repr\u00e9sentative de l\u2019UNESCO"},"content":{"rendered":"<p>La Tunisie vient de recevoir officiellement de la part de l\u2019Unesco le certificat d\u2019inscription du palmier dattier sur la liste repr\u00e9sentative du patrimoine immat\u00e9riel de l\u2019Organisation des Nations unies pour l\u2019\u00e9ducation, la science et la culture (Unesco), informe le minist\u00e8re des affaires culturelles sur son site officiel.<\/p>\n<p>Dans ce certificat sign\u00e9 par la directrice g\u00e9n\u00e9rale de l\u2019Unesco Audrey Azoulay, le Comit\u00e9 intergouvernemental de sauvegarde du patrimoine culturel immat\u00e9riel, \u00ab a inscrit les connaissances, le savoir-faire, les traditions et pratiques associ\u00e9s au palmier dattier sur la Liste repr\u00e9sentative du patrimoine culturel immat\u00e9riel de l\u2019humanit\u00e9 \u00bb.<\/p>\n<p>Pour rappel, le dossier de candidature commun englobant 14 pays arabes a \u00e9t\u00e9 retenu au cours de la r\u00e9union annuelle du Comit\u00e9 intergouvernemental de sauvegarde du patrimoine culturel immat\u00e9riel, tenue du 9 au 14 d\u00e9cembre \u00e0 Bogota (Colombie); r\u00e9union \u00e0 laquelle la Tunisie a \u00e9t\u00e9 repr\u00e9sent\u00e9e par Imed Bensoula de l\u2019Institut national du patrimoine (INP) et Ghazi Gh\u00e9ra\u00efri, ambassadeur permanent de la Tunisie aupr\u00e8s de l\u2019UNESCO.<\/p>\n<p>Selon un document de l\u2019Unesco, Bahre\u00efn, l\u2019Egypte, l\u2019Iraq, la Jordanie, le Kowe\u00eft, la Mauritanie, le Maroc, Oman, la Palestine, l\u2019Arabie saoudite, le Soudan, la Tunisie, les Emirats arabes unis et le Y\u00e9men ont propos\u00e9 la candidature des connaissances, savoir-faire, traditions et pratiques associ\u00e9s au palmier dattier pour l\u2019inscription sur la liste repr\u00e9sentative du patrimoine culturel immat\u00e9riel de l\u2019humanit\u00e9.<\/p>\n<p>Les connaissances, savoir-faire, traditions et pratiques associ\u00e9s au palmier dattier \u00e9taient parmi 41 candidatures en 2019 \u00e0 la Liste repr\u00e9sentative du patrimoine culturel immat\u00e9riel de l\u2019humanit\u00e9 examin\u00e9es par le comit\u00e9 intergouvernemental de sauvegarde du patrimoine culturel immat\u00e9riel.<\/p>\n<p class=\"dpsp-share-text\">Partager c&rsquo;est aimer!<\/p>\n<div class=\"wp-post-author-wrap wp-post-author-shortcode left\">\n<h3 class=\"awpa-title\"\/>\n<div class=\"wp-post-author\">\n<div class=\"awpa-img awpa-author-block square\"><a href=\"http:\/\/lexpertjournal.net\/fr\/author\/expert\/\"><img loading=\"lazy\" decoding=\"async\" alt=\"\" src=\"http:\/\/0.gravatar.com\/avatar\/c828f0b17d24309f0d01a4eac3747085?s=150&#038;d=mm&#038;r=g\" srcset=\"http:\/\/0.gravatar.com\/avatar\/c828f0b17d24309f0d01a4eac3747085?s=300&#038;d=mm&#038;r=g 2x\" class=\"avatar avatar-150 photo\" height=\"150\" width=\"150\"\/><\/a><\/div>\n<\/div>\n<\/div>\n<p>Auteur: L&rsquo;expert<br \/>\n<a href=\"http:\/\/lexpertjournal.net\/fr\/2020\/02\/10\/patrimoine-immateriel-de-lhumanite-le-palmier-dattier-sur-la-liste-representative-de-lunesco\/\">Cliquez ici pour lire l&rsquo;article depuis sa source.<\/a><\/p>\n","protected":false},"excerpt":{"rendered":"<p>La Tunisie vient de recevoir officiellement de la part de l\u2019Unesco le certificat d\u2019inscription du palmier dattier sur la liste repr\u00e9sentative du patrimoine immat\u00e9riel de l\u2019Organisation des Nations unies pour l\u2019\u00e9ducation, la science et la culture (Unesco), informe le minist\u00e8re des affaires culturelles sur son site officiel. Dans ce certificat sign\u00e9 par la directrice g\u00e9n\u00e9rale [&hellip;]<\/p>\n","protected":false},"author":1775,"featured_media":0,"comment_status":"closed","ping_status":"closed","sticky":false,"template":"","format":"standard","meta":{"fifu_image_url":"","fifu_image_alt":"","footnotes":""},"categories":[78,55],"tags":[],"class_list":["post-75669","post","type-post","status-publish","format-standard","hentry","category-economie","category-tunisie"],"_links":{"self":[{"href":"https:\/\/linitiative.ca\/International\/wp-json\/wp\/v2\/posts\/75669","targetHints":{"allow":["GET"]}}],"collection":[{"href":"https:\/\/linitiative.ca\/International\/wp-json\/wp\/v2\/posts"}],"about":[{"href":"https:\/\/linitiative.ca\/International\/wp-json\/wp\/v2\/types\/post"}],"author":[{"embeddable":true,"href":"https:\/\/linitiative.ca\/International\/wp-json\/wp\/v2\/users\/1775"}],"replies":[{"embeddable":true,"href":"https:\/\/linitiative.ca\/International\/wp-json\/wp\/v2\/comments?post=75669"}],"version-history":[{"count":0,"href":"https:\/\/linitiative.ca\/International\/wp-json\/wp\/v2\/posts\/75669\/revisions"}],"wp:attachment":[{"href":"https:\/\/linitiative.ca\/International\/wp-json\/wp\/v2\/media?parent=75669"}],"wp:term":[{"taxonomy":"category","embeddable":true,"href":"https:\/\/linitiative.ca\/International\/wp-json\/wp\/v2\/categories?post=75669"},{"taxonomy":"post_tag","embeddable":true,"href":"https:\/\/linitiative.ca\/International\/wp-json\/wp\/v2\/tags?post=75669"}],"curies":[{"name":"wp","href":"https:\/\/api.w.org\/{rel}","templated":true}]}}