{"id":75670,"date":"2020-02-10T06:28:41","date_gmt":"2020-02-10T11:28:41","guid":{"rendered":"https:\/\/linitiative.ca\/International\/formation-du-gouvernement-attayar-decide-la-poursuite-des-concertations\/"},"modified":"2020-02-10T06:28:41","modified_gmt":"2020-02-10T11:28:41","slug":"formation-du-gouvernement-attayar-decide-la-poursuite-des-concertations","status":"publish","type":"post","link":"https:\/\/linitiative.ca\/International\/formation-du-gouvernement-attayar-decide-la-poursuite-des-concertations\/","title":{"rendered":"Formation du gouvernement : Attayar d\u00e9cide la poursuite des concertations"},"content":{"rendered":"<p>R\u00e9uni dimanche, le conseil national du courant d\u00e9mocrate \u00ab Attayar \u00bb a exhort\u00e9 le bureau politique et le secr\u00e9taire g\u00e9n\u00e9ral du parti \u00e0 poursuivre les concertations autour de la formation du futur gouvernement.<\/p>\n<p>Selon Ghazi Chaouachi, dirigeant au sein d\u2019Attayar, le conseil a insist\u00e9 \u00e0 ce que les concertations avec Fakhfakh, charg\u00e9 de former le gouvernement, soient men\u00e9es de mani\u00e8re qui assure au parti d\u2019avoir un r\u00f4le efficient au sein du gouvernement et d\u00e9tenir les portefeuilles minist\u00e9riels qui lui permettent de mettre en \u0153uvre son programme ax\u00e9 en particulier sur l\u2019application de la loi, la lutte contre la corruption et l\u2019instauration des r\u00e9formes n\u00e9cessaires.<\/p>\n<p>Chaouachi a rappel\u00e9 que le conseil national, la plus haute instance du parti, d\u00e9termine les politiques g\u00e9n\u00e9rales \u00e0 adopter ainsi que les orientations \u00e0 suivre pour l\u2019\u00e9tablissement des alliances politiques possibles.<\/p>\n<p>La semaine derni\u00e8re, le secr\u00e9taire g\u00e9n\u00e9ral du courant d\u00e9mocrate, Mohamed Abbou avait soulign\u00e9 que son parti n\u2019est pas parvenu \u00e0 un accord avec le chef du gouvernement d\u00e9sign\u00e9 Ely\u00e8s Fakhfakh sur les noms pour former le futur gouvernement.<\/p>\n<p>\u00ab En principe, nous ne sommes pas concern\u00e9s par la formation du gouvernement. Attayar r\u00e9serve sa position d\u00e9finitive jusqu\u2019\u00e0 la r\u00e9union de son bureau politique \u00bb, a-t-il ajout\u00e9.<\/p>\n<p>Attayar (bloc d\u00e9mocratique, 41 si\u00e8ges) r\u00e9clame un gouvernement politique compos\u00e9 de dirigeants de premier plan repr\u00e9sentant les partis concern\u00e9s par les concertations pour la formation du gouvernement. Le parti s\u2019oppose \u00e0 la neutralit\u00e9 des minist\u00e8res r\u00e9galiens et r\u00e9clame le portefeuille<\/p>\n<p class=\"dpsp-share-text\">Partager c&rsquo;est aimer!<\/p>\n<div class=\"wp-post-author-wrap wp-post-author-shortcode left\">\n<h3 class=\"awpa-title\"\/>\n<div class=\"wp-post-author\">\n<div class=\"awpa-img awpa-author-block square\"><a href=\"http:\/\/lexpertjournal.net\/fr\/author\/expert\/\"><img loading=\"lazy\" decoding=\"async\" alt=\"\" src=\"http:\/\/0.gravatar.com\/avatar\/c828f0b17d24309f0d01a4eac3747085?s=150&#038;d=mm&#038;r=g\" srcset=\"http:\/\/0.gravatar.com\/avatar\/c828f0b17d24309f0d01a4eac3747085?s=300&#038;d=mm&#038;r=g 2x\" class=\"avatar avatar-150 photo\" height=\"150\" width=\"150\"\/><\/a><\/div>\n<\/div>\n<\/div>\n<p>Auteur: L&rsquo;expert<br \/>\n<a href=\"http:\/\/lexpertjournal.net\/fr\/2020\/02\/10\/formation-du-gouvernement-attayar-decide-la-poursuite-des-concertations\/\">Cliquez ici pour lire l&rsquo;article depuis sa source.<\/a><\/p>\n","protected":false},"excerpt":{"rendered":"<p>R\u00e9uni dimanche, le conseil national du courant d\u00e9mocrate \u00ab Attayar \u00bb a exhort\u00e9 le bureau politique et le secr\u00e9taire g\u00e9n\u00e9ral du parti \u00e0 poursuivre les concertations autour de la formation du futur gouvernement. Selon Ghazi Chaouachi, dirigeant au sein d\u2019Attayar, le conseil a insist\u00e9 \u00e0 ce que les concertations avec Fakhfakh, charg\u00e9 de former le [&hellip;]<\/p>\n","protected":false},"author":1775,"featured_media":0,"comment_status":"closed","ping_status":"closed","sticky":false,"template":"","format":"standard","meta":{"fifu_image_url":"","fifu_image_alt":"","footnotes":""},"categories":[78,55],"tags":[],"class_list":["post-75670","post","type-post","status-publish","format-standard","hentry","category-economie","category-tunisie"],"_links":{"self":[{"href":"https:\/\/linitiative.ca\/International\/wp-json\/wp\/v2\/posts\/75670","targetHints":{"allow":["GET"]}}],"collection":[{"href":"https:\/\/linitiative.ca\/International\/wp-json\/wp\/v2\/posts"}],"about":[{"href":"https:\/\/linitiative.ca\/International\/wp-json\/wp\/v2\/types\/post"}],"author":[{"embeddable":true,"href":"https:\/\/linitiative.ca\/International\/wp-json\/wp\/v2\/users\/1775"}],"replies":[{"embeddable":true,"href":"https:\/\/linitiative.ca\/International\/wp-json\/wp\/v2\/comments?post=75670"}],"version-history":[{"count":0,"href":"https:\/\/linitiative.ca\/International\/wp-json\/wp\/v2\/posts\/75670\/revisions"}],"wp:attachment":[{"href":"https:\/\/linitiative.ca\/International\/wp-json\/wp\/v2\/media?parent=75670"}],"wp:term":[{"taxonomy":"category","embeddable":true,"href":"https:\/\/linitiative.ca\/International\/wp-json\/wp\/v2\/categories?post=75670"},{"taxonomy":"post_tag","embeddable":true,"href":"https:\/\/linitiative.ca\/International\/wp-json\/wp\/v2\/tags?post=75670"}],"curies":[{"name":"wp","href":"https:\/\/api.w.org\/{rel}","templated":true}]}}