{"id":75671,"date":"2020-02-10T06:57:51","date_gmt":"2020-02-10T11:57:51","guid":{"rendered":"https:\/\/linitiative.ca\/International\/partenariat-tuniso-italien-mecatronique-et-tic-en-point-de-mire\/"},"modified":"2020-02-10T06:57:51","modified_gmt":"2020-02-10T11:57:51","slug":"partenariat-tuniso-italien-mecatronique-et-tic-en-point-de-mire","status":"publish","type":"post","link":"https:\/\/linitiative.ca\/International\/partenariat-tuniso-italien-mecatronique-et-tic-en-point-de-mire\/","title":{"rendered":"Partenariat tuniso-italien : M\u00e9catronique et TIC en point de mire"},"content":{"rendered":"<p>Explorer de nouvelles opportunit\u00e9s de collaboration entre l\u2019Italie et la Tunisie et permettre aux entreprises italiennes d\u2019examiner de diff\u00e9rentes formes de partenariat avec leurs homologues tunisiens dans les secteurs de la m\u00e9catronique et des TIC est l\u2019objectif du workshop qui sera organis\u00e9 par l\u2019ICE-Agence pour le Commerce Ext\u00e9rieur, sous le patronage de l\u2019Ambassade d\u2019Italie en Tunisie, en collaboration avec l\u2019Association Italienne de l\u2019Automatisation M\u00e9catronique et les P\u00f4les de Sousse et El Ghazala, et ce le mercredi 12 f\u00e9vrier 2020.<\/p>\n<p>L\u2019organisation du workshop, informe un communiqu\u00e9 de presse de l\u2019ambassade d\u2019Italie en Tunisie s\u2019inscrit dans le cadre d\u2019un projet plus ambitieux : 18 entreprises italiennes se consacreront, au terme de la conf\u00e9rence inaugurale du 12 f\u00e9vrier, aux rencontres B2B organis\u00e9es avec les entreprises tunisiennes des secteurs cibl\u00e9s, ainsi qu\u2019aux visites aux P\u00f4les de Sousse et El Ghazala dans les jours qui suivent.<\/p>\n<p>Cette initiative, ajoute la m\u00eame source, peut devenir un premier pas vers de nouvelles formes de coop\u00e9ration tuniso-italiennes dans le domaine de l\u2019innovation technologique.<\/p>\n<p class=\"dpsp-share-text\">Partager c&rsquo;est aimer!<\/p>\n<div class=\"wp-post-author-wrap wp-post-author-shortcode left\">\n<h3 class=\"awpa-title\"\/>\n<div class=\"wp-post-author\">\n<div class=\"awpa-img awpa-author-block square\"><a href=\"http:\/\/lexpertjournal.net\/fr\/author\/expert\/\"><img loading=\"lazy\" decoding=\"async\" alt=\"\" src=\"http:\/\/0.gravatar.com\/avatar\/c828f0b17d24309f0d01a4eac3747085?s=150&#038;d=mm&#038;r=g\" srcset=\"http:\/\/0.gravatar.com\/avatar\/c828f0b17d24309f0d01a4eac3747085?s=300&#038;d=mm&#038;r=g 2x\" class=\"avatar avatar-150 photo\" height=\"150\" width=\"150\"\/><\/a><\/div>\n<\/div>\n<\/div>\n<p>Auteur: L&rsquo;expert<br \/>\n<a href=\"http:\/\/lexpertjournal.net\/fr\/2020\/02\/10\/partenariat-tuniso-italien-mecatronique-et-tic-en-point-de-mire\/\">Cliquez ici pour lire l&rsquo;article depuis sa source.<\/a><\/p>\n","protected":false},"excerpt":{"rendered":"<p>Explorer de nouvelles opportunit\u00e9s de collaboration entre l\u2019Italie et la Tunisie et permettre aux entreprises italiennes d\u2019examiner de diff\u00e9rentes formes de partenariat avec leurs homologues tunisiens dans les secteurs de la m\u00e9catronique et des TIC est l\u2019objectif du workshop qui sera organis\u00e9 par l\u2019ICE-Agence pour le Commerce Ext\u00e9rieur, sous le patronage de l\u2019Ambassade d\u2019Italie en [&hellip;]<\/p>\n","protected":false},"author":1775,"featured_media":0,"comment_status":"closed","ping_status":"closed","sticky":false,"template":"","format":"standard","meta":{"fifu_image_url":"","fifu_image_alt":"","footnotes":""},"categories":[78,55],"tags":[],"class_list":["post-75671","post","type-post","status-publish","format-standard","hentry","category-economie","category-tunisie"],"_links":{"self":[{"href":"https:\/\/linitiative.ca\/International\/wp-json\/wp\/v2\/posts\/75671","targetHints":{"allow":["GET"]}}],"collection":[{"href":"https:\/\/linitiative.ca\/International\/wp-json\/wp\/v2\/posts"}],"about":[{"href":"https:\/\/linitiative.ca\/International\/wp-json\/wp\/v2\/types\/post"}],"author":[{"embeddable":true,"href":"https:\/\/linitiative.ca\/International\/wp-json\/wp\/v2\/users\/1775"}],"replies":[{"embeddable":true,"href":"https:\/\/linitiative.ca\/International\/wp-json\/wp\/v2\/comments?post=75671"}],"version-history":[{"count":0,"href":"https:\/\/linitiative.ca\/International\/wp-json\/wp\/v2\/posts\/75671\/revisions"}],"wp:attachment":[{"href":"https:\/\/linitiative.ca\/International\/wp-json\/wp\/v2\/media?parent=75671"}],"wp:term":[{"taxonomy":"category","embeddable":true,"href":"https:\/\/linitiative.ca\/International\/wp-json\/wp\/v2\/categories?post=75671"},{"taxonomy":"post_tag","embeddable":true,"href":"https:\/\/linitiative.ca\/International\/wp-json\/wp\/v2\/tags?post=75671"}],"curies":[{"name":"wp","href":"https:\/\/api.w.org\/{rel}","templated":true}]}}