{"id":75673,"date":"2020-02-10T13:04:30","date_gmt":"2020-02-10T18:04:30","guid":{"rendered":"https:\/\/linitiative.ca\/International\/youcef-oughlissi-honore-a-constantine\/"},"modified":"2020-02-10T13:04:30","modified_gmt":"2020-02-10T18:04:30","slug":"youcef-oughlissi-honore-a-constantine","status":"publish","type":"post","link":"https:\/\/linitiative.ca\/International\/youcef-oughlissi-honore-a-constantine\/","title":{"rendered":"Youcef Oughlissi honor\u00e9 \u00e0 Constantine"},"content":{"rendered":"<div readability=\"39\">\n<p><strong>CONSTANTINE &#8211; Le r\u00e9cent laur\u00e9at du prix de la cr\u00e9ativit\u00e9 po\u00e9tique de la Fondation Abdelaziz Saoud El-Babitine, le professeur en critique litt\u00e9raire, Youcef Oughlissi a \u00e9t\u00e9 honor\u00e9 ,dimanche, lors d&rsquo;une c\u00e9r\u00e9monie organis\u00e9e \u00e0 la biblioth\u00e8que principale de lecture publique \u00a0\u00bb Mustapha Natour\u00a0\u00bb de Constantine.<\/strong><\/p>\n<\/div>\n<div readability=\"63.3209756098\">\n<p>Entour\u00e9 d&rsquo;hommes de lettres, d&rsquo;amoureux du verbe mais aussi de ses \u00e9tudiants, Youcef Oughlissi a eu droit un vibrant hommage de la part de la direction de cet \u00e9tablissement culturel pour avoir re\u00e7u le tr\u00e8s prestigieux prix El Babitine de la cr\u00e9ativit\u00e9 po\u00e9tique dans le domaine de la critique pour ses travaux de recherche sur \u00a0\u00bb l&rsquo;analyse th\u00e9matique du discours po\u00e9tique\u00a0\u00bb.<\/p>\n<p>Remerciant toutes les personnes ayant contribu\u00e9 \u00e0 l\u2019organisation de cet hommage, Oughlissi, a en outre rappel\u00e9 les diff\u00e9rentes \u00e9tapes de son parcours avant de revenir sur la gen\u00e8se de son ouvrage \u00a0\u00bbanalyse th\u00e9matique du discours po\u00e9tique\u00a0\u00bb, paru une premi\u00e8re fois en 2007 \u00e0 l&rsquo;occasion de la manifestation Alger capitale de la culture arabe, avant d&rsquo;\u00eatre r\u00e9\u00e9dit\u00e9 et perfectionn\u00e9 plus d&rsquo;une d\u00e9cennie plus tard.<\/p>\n<blockquote readability=\"10\">\n<p><em><strong>\u00a0\u00bb Je suis tr\u00e8s fier en tant qu&rsquo;alg\u00e9rien d&rsquo;avoir r\u00e9ussi \u00e0 d\u00e9crocher le prix El Babitine 2020,cela d\u00e9passe tous mes r\u00eaves les plus fous, moi qui enfant je n&rsquo;avais qu&rsquo;un seul souhait c&rsquo;\u00e9tait de devenir un enseignant au primaire \u00a0\u00bb, a-t-il avou\u00e9.<\/strong><\/em><\/p>\n<\/blockquote>\n<p>La directrice de biblioth\u00e8que principale de lecture publique \u00a0\u00bb Mustapha Natour\u00a0\u00bb de Constantine, Ouafia Derouaz a affirm\u00e9 que cet hommage \u00e0 l&rsquo;une des sommit\u00e9s de la litt\u00e9rature et de la po\u00e9sie inaugure des plus belles mani\u00e8res le programme \u00e9tabli par cet \u00e9tablissement pour cette semaine.<\/p>\n<hr\/>\n<h3>Lire aussi: <a href=\"http:\/\/www.aps.dz\/culture\/101349-le-film-documentaire-sur-les-soeurs-martyrs-saadane-projete-dans-les-universites-de-constantine\" target=\"_blank\" rel=\"noopener noreferrer\">Le film Documentaire sur les S\u0153urs martyrs Sa\u00e2dane projet\u00e9 dans les Universit\u00e9s de Constantine<\/a><\/h3>\n<hr\/>\n<p>Elle a ainsi r\u00e9v\u00e9l\u00e9 qu&rsquo;en plus de l&rsquo;exposition mettant \u00e0 l&rsquo;honneur la maison d&rsquo;\u00e9dition \u00a0\u00bbDar El Baha\u00a0\u00bb du 9 au 13 de ce mois, la biblioth\u00e8que principale de lecture publique de Constantine va recevoir lundi l&rsquo;homme de lettre Abdallah Hamadi pour une s\u00e9ance de vente d\u00e9dicace de son ouvrage \u00e9tude du magazine \u00a0\u00bbHouna El Djazayer\u00a0\u00bb.<\/p>\n<p>Il est a rappeler que Youcef Oughlissi a pr\u00e8s d&rsquo;une dizaine de prix \u00e0 son actif parmi lesquels le Prix Cheikh Zayed du livre, le prix Souad El Sabah, le prix Moufdi Zakaria de la po\u00e9sie maghr\u00e9bine ou encore le prix Bakhti Ben Aouada.<\/p>\n<\/div>\n<p>Auteur:<br \/>\n<a href=\"http:\/\/www.aps.dz\/culture\/101377-youcef-oughlissi-honore-a-constantine\">Cliquez ici pour lire l&rsquo;article depuis sa source.<\/a><\/p>\n","protected":false},"excerpt":{"rendered":"<p>CONSTANTINE &#8211; Le r\u00e9cent laur\u00e9at du prix de la cr\u00e9ativit\u00e9 po\u00e9tique de la Fondation Abdelaziz Saoud El-Babitine, le professeur en critique litt\u00e9raire, Youcef Oughlissi a \u00e9t\u00e9 honor\u00e9 ,dimanche, lors d&rsquo;une c\u00e9r\u00e9monie organis\u00e9e \u00e0 la biblioth\u00e8que principale de lecture publique \u00a0\u00bb Mustapha Natour\u00a0\u00bb de Constantine. Entour\u00e9 d&rsquo;hommes de lettres, d&rsquo;amoureux du verbe mais aussi de ses [&hellip;]<\/p>\n","protected":false},"author":1790,"featured_media":0,"comment_status":"closed","ping_status":"closed","sticky":false,"template":"","format":"standard","meta":{"fifu_image_url":"","fifu_image_alt":"","footnotes":""},"categories":[53,79],"tags":[],"class_list":["post-75673","post","type-post","status-publish","format-standard","hentry","category-algerie","category-culture"],"_links":{"self":[{"href":"https:\/\/linitiative.ca\/International\/wp-json\/wp\/v2\/posts\/75673","targetHints":{"allow":["GET"]}}],"collection":[{"href":"https:\/\/linitiative.ca\/International\/wp-json\/wp\/v2\/posts"}],"about":[{"href":"https:\/\/linitiative.ca\/International\/wp-json\/wp\/v2\/types\/post"}],"author":[{"embeddable":true,"href":"https:\/\/linitiative.ca\/International\/wp-json\/wp\/v2\/users\/1790"}],"replies":[{"embeddable":true,"href":"https:\/\/linitiative.ca\/International\/wp-json\/wp\/v2\/comments?post=75673"}],"version-history":[{"count":0,"href":"https:\/\/linitiative.ca\/International\/wp-json\/wp\/v2\/posts\/75673\/revisions"}],"wp:attachment":[{"href":"https:\/\/linitiative.ca\/International\/wp-json\/wp\/v2\/media?parent=75673"}],"wp:term":[{"taxonomy":"category","embeddable":true,"href":"https:\/\/linitiative.ca\/International\/wp-json\/wp\/v2\/categories?post=75673"},{"taxonomy":"post_tag","embeddable":true,"href":"https:\/\/linitiative.ca\/International\/wp-json\/wp\/v2\/tags?post=75673"}],"curies":[{"name":"wp","href":"https:\/\/api.w.org\/{rel}","templated":true}]}}