{"id":75674,"date":"2020-02-10T13:04:34","date_gmt":"2020-02-10T18:04:34","guid":{"rendered":"https:\/\/linitiative.ca\/International\/negrine-sera-decretee-zone-archeologique-autorisee-aux-fouilles\/"},"modified":"2020-02-10T13:04:34","modified_gmt":"2020-02-10T18:04:34","slug":"negrine-sera-decretee-zone-archeologique-autorisee-aux-fouilles","status":"publish","type":"post","link":"https:\/\/linitiative.ca\/International\/negrine-sera-decretee-zone-archeologique-autorisee-aux-fouilles\/","title":{"rendered":"Negrine sera d\u00e9cr\u00e9t\u00e9e zone arch\u00e9ologique autoris\u00e9e aux fouilles"},"content":{"rendered":"<div readability=\"37\">\n<p><strong>TEBESSA &#8211; La ministre de la Culture, Malika Bendouda, a instruit dimanche \u00e0 T\u00e9bessa les responsables du Centre national de recherche en arch\u00e9ologie (CNRA) de d\u00e9cr\u00e9ter la commune de Negrine (Sud de T\u00e9bessa) \u00ab\u00a0zone arch\u00e9ologique autoris\u00e9e aux fouilles des sp\u00e9cialistes et chercheurs arch\u00e9ologues\u00a0\u00bb.<\/strong><\/p>\n<\/div>\n<div readability=\"63.237751004\">\n<p>Devant la mosa\u00efque expos\u00e9e au mus\u00e9e de T\u00e9bessa d\u00e9couverte durant cette ann\u00e9e dans la r\u00e9gion d\u2019Ain Boudias dans la commune de Negrine et qui avait fait l\u2019objet d\u2019acte de vandalisme peu apr\u00e8s sa mise au jour, la ministre a indiqu\u00e9 que \u00ab\u00a0l\u2019autorisation des fouilles dans cette r\u00e9gion sera de nature \u00e0 stopper les fouilles ill\u00e9gales et mettre terme au ph\u00e9nom\u00e8ne de vandalisme, vol et trafic de vestiges\u00a0\u00bb.<\/p>\n<blockquote readability=\"8\">\n<p><em><strong>Mme Bendouda a ajout\u00e9 que la wilaya de T\u00e9bessa regorge de vestiges d\u00e9couvertes ou enfouis qui doivent \u00eatre pr\u00e9serv\u00e9s, valoris\u00e9s m\u00e9diatiquement et exploit\u00e9s dans les domaines de la culture et du tourisme pour attirer les touristes \u00e9trangers.<\/strong><\/em><\/p>\n<\/blockquote>\n<p>Elle a relev\u00e9 \u00e0 ce propos que la commune de Negrine a connu une succession de civilisations qui ont laiss\u00e9 des vestiges multiples qui requi\u00e8rent davantage d\u2019attention.<\/p>\n<p>Concernant la mosa\u00efque vandalis\u00e9e dans la commune de Negrine, la ministre a pr\u00e9cis\u00e9 que cette mosa\u00efque apr\u00e8s son transfert du site de d\u00e9couverte vers le mus\u00e9e de T\u00e9bessa sera restaur\u00e9e par des sp\u00e9cialistes puis expos\u00e9e au public dans un mus\u00e9e qui sera r\u00e9serv\u00e9 \u00e0 cet effet.<\/p>\n<hr\/>\n<h3>Lire aussi:\u00a0<a href=\"http:\/\/www.aps.dz\/culture\/100561-tebessa-elargir-les-fouilles-pour-mettre-au-jour-d-autres-pieces-archeologiques\" target=\"_blank\" rel=\"noopener noreferrer\">T\u00e9bessa: \u00e9largir les fouilles pour mettre au jour d\u2019autres pi\u00e8ces arch\u00e9ologiques<\/a><\/h3>\n<hr\/>\n<p>A la porte romaine de Caracalla au centre-ville de T\u00e9bessa, la ministre a donn\u00e9 instructions aux responsables locaux concern\u00e9s pour entamer imm\u00e9diatement une op\u00e9ration pour \u00e9liminer les traces de l\u2019op\u00e9ration de restauration men\u00e9e en 2004 qui avait connu le recours lors des travaux au b\u00e9ton arm\u00e9 d\u00e9figurant ce vestige arch\u00e9ologique pr\u00e9conisant de pr\u00e9server l\u2019esprit du lieu lors de toute restauration.<\/p>\n<blockquote readability=\"9\">\n<p><em><strong>Sur le site du th\u00e9\u00e2tre romain, Mme Bendouda a appel\u00e9 les responsables locaux concern\u00e9s \u00e0 accorder de l\u2019int\u00e9r\u00eat pour les ruines de la wilaya de T\u00e9bessa et l\u2019int\u00e9grer \u00e0 l\u2019industrie culturelle de sorte \u00e0 cr\u00e9er de nouvelles sources de revenus tout en veillant \u00e0 les pr\u00e9server contre toutes les formes de d\u00e9gradation naturelle ou humaine.<\/strong><\/em><\/p>\n<\/blockquote>\n<p>Le wali de T\u00e9bessa, Atallah Moulati a indiqu\u00e9 qu\u2019une enveloppe financi\u00e8re de 15 millions DA du Fonds de garantie et solidarit\u00e9 des collectivit\u00e9s a \u00e9t\u00e9 octroy\u00e9e pour la r\u00e9alisation d\u2019une cl\u00f4ture autour de ce th\u00e9\u00e2tre en attendant la mobilisation d\u2019autres ressources et la lev\u00e9e du gel sur les projets de r\u00e9habilitation.<\/p>\n<p>La ministre poursuivra lundi sa visite dans la wilaya de Tebessa en inspectant l\u2019huilerie de Berezgu\u00e8ne dans la commune d\u2019El Ma Labiodh.<\/p>\n<\/div>\n<p>Auteur:<br \/>\n<a href=\"http:\/\/www.aps.dz\/culture\/101382-negrine-sera-decretee-zone-archeologique-autorisee-aux-fouilles\">Cliquez ici pour lire l&rsquo;article depuis sa source.<\/a><\/p>\n","protected":false},"excerpt":{"rendered":"<p>TEBESSA &#8211; La ministre de la Culture, Malika Bendouda, a instruit dimanche \u00e0 T\u00e9bessa les responsables du Centre national de recherche en arch\u00e9ologie (CNRA) de d\u00e9cr\u00e9ter la commune de Negrine (Sud de T\u00e9bessa) \u00ab\u00a0zone arch\u00e9ologique autoris\u00e9e aux fouilles des sp\u00e9cialistes et chercheurs arch\u00e9ologues\u00a0\u00bb. Devant la mosa\u00efque expos\u00e9e au mus\u00e9e de T\u00e9bessa d\u00e9couverte durant cette ann\u00e9e [&hellip;]<\/p>\n","protected":false},"author":1790,"featured_media":0,"comment_status":"closed","ping_status":"closed","sticky":false,"template":"","format":"standard","meta":{"fifu_image_url":"","fifu_image_alt":"","footnotes":""},"categories":[53,79],"tags":[],"class_list":["post-75674","post","type-post","status-publish","format-standard","hentry","category-algerie","category-culture"],"_links":{"self":[{"href":"https:\/\/linitiative.ca\/International\/wp-json\/wp\/v2\/posts\/75674","targetHints":{"allow":["GET"]}}],"collection":[{"href":"https:\/\/linitiative.ca\/International\/wp-json\/wp\/v2\/posts"}],"about":[{"href":"https:\/\/linitiative.ca\/International\/wp-json\/wp\/v2\/types\/post"}],"author":[{"embeddable":true,"href":"https:\/\/linitiative.ca\/International\/wp-json\/wp\/v2\/users\/1790"}],"replies":[{"embeddable":true,"href":"https:\/\/linitiative.ca\/International\/wp-json\/wp\/v2\/comments?post=75674"}],"version-history":[{"count":0,"href":"https:\/\/linitiative.ca\/International\/wp-json\/wp\/v2\/posts\/75674\/revisions"}],"wp:attachment":[{"href":"https:\/\/linitiative.ca\/International\/wp-json\/wp\/v2\/media?parent=75674"}],"wp:term":[{"taxonomy":"category","embeddable":true,"href":"https:\/\/linitiative.ca\/International\/wp-json\/wp\/v2\/categories?post=75674"},{"taxonomy":"post_tag","embeddable":true,"href":"https:\/\/linitiative.ca\/International\/wp-json\/wp\/v2\/tags?post=75674"}],"curies":[{"name":"wp","href":"https:\/\/api.w.org\/{rel}","templated":true}]}}