{"id":75684,"date":"2020-02-09T15:11:27","date_gmt":"2020-02-09T20:11:27","guid":{"rendered":"https:\/\/linitiative.ca\/International\/rencontre-sur-la-diffusion-de-la-culture-des-droits-de-lhomme\/"},"modified":"2020-02-09T15:11:27","modified_gmt":"2020-02-09T20:11:27","slug":"rencontre-sur-la-diffusion-de-la-culture-des-droits-de-lhomme","status":"publish","type":"post","link":"https:\/\/linitiative.ca\/International\/rencontre-sur-la-diffusion-de-la-culture-des-droits-de-lhomme\/","title":{"rendered":"Rencontre sur la diffusion de la culture des droits de l\u2019Homme"},"content":{"rendered":"<p><iframe loading=\"lazy\" width=\"1170\" height=\"658\" src=\"https:\/\/www.youtube.com\/embed\/xrjHdJ3W-js?feature=oembed\" frameborder=\"0\" allow=\"accelerometer; autoplay; encrypted-media; gyroscope; picture-in-picture\" allowfullscreen=\"\">[embedded content]<\/iframe><\/p>\n<div class=\"single-post-excerpt post-excerpt-bc\" readability=\"38\">\n<p>Les travaux d\u2019une rencontre r\u00e9gionale de haut niveau organis\u00e9e sous le th\u00e8me de la \u00ab Diffusion de la culture des droits de l\u2019Homme dans le cadre des objectifs de d\u00e9veloppement durable (ODD) \u00bb, se sont tenus, \u00e0 Marrakech, \u00e0 l\u2019initiative du Conseil national des droits de l\u2019Homme (CNDH) et du R\u00e9seau arabe des institutions nationales des droits de l\u2019Homme.<\/p>\n<\/div>\n<p>Auteur: Meriem IGASS<br \/>\n<a href=\"http:\/\/www.mapmarrakech.ma\/fr\/rencontre-5\/\">Cliquez ici pour lire l&rsquo;article depuis sa source.<\/a><\/p>\n","protected":false},"excerpt":{"rendered":"<p>[embedded content] Les travaux d\u2019une rencontre r\u00e9gionale de haut niveau organis\u00e9e sous le th\u00e8me de la \u00ab Diffusion de la culture des droits de l\u2019Homme dans le cadre des objectifs de d\u00e9veloppement durable (ODD) \u00bb, se sont tenus, \u00e0 Marrakech, \u00e0 l\u2019initiative du Conseil national des droits de l\u2019Homme (CNDH) et du R\u00e9seau arabe des [&hellip;]<\/p>\n","protected":false},"author":1788,"featured_media":0,"comment_status":"closed","ping_status":"closed","sticky":false,"template":"","format":"standard","meta":{"fifu_image_url":"","fifu_image_alt":"","footnotes":""},"categories":[54,76],"tags":[],"class_list":["post-75684","post","type-post","status-publish","format-standard","hentry","category-maroc","category-regions"],"_links":{"self":[{"href":"https:\/\/linitiative.ca\/International\/wp-json\/wp\/v2\/posts\/75684","targetHints":{"allow":["GET"]}}],"collection":[{"href":"https:\/\/linitiative.ca\/International\/wp-json\/wp\/v2\/posts"}],"about":[{"href":"https:\/\/linitiative.ca\/International\/wp-json\/wp\/v2\/types\/post"}],"author":[{"embeddable":true,"href":"https:\/\/linitiative.ca\/International\/wp-json\/wp\/v2\/users\/1788"}],"replies":[{"embeddable":true,"href":"https:\/\/linitiative.ca\/International\/wp-json\/wp\/v2\/comments?post=75684"}],"version-history":[{"count":0,"href":"https:\/\/linitiative.ca\/International\/wp-json\/wp\/v2\/posts\/75684\/revisions"}],"wp:attachment":[{"href":"https:\/\/linitiative.ca\/International\/wp-json\/wp\/v2\/media?parent=75684"}],"wp:term":[{"taxonomy":"category","embeddable":true,"href":"https:\/\/linitiative.ca\/International\/wp-json\/wp\/v2\/categories?post=75684"},{"taxonomy":"post_tag","embeddable":true,"href":"https:\/\/linitiative.ca\/International\/wp-json\/wp\/v2\/tags?post=75684"}],"curies":[{"name":"wp","href":"https:\/\/api.w.org\/{rel}","templated":true}]}}