{"id":75685,"date":"2020-02-10T10:21:50","date_gmt":"2020-02-10T15:21:50","guid":{"rendered":"https:\/\/linitiative.ca\/International\/rencontre-de-reflexion-sur-lattractivite-de-la-destination\/"},"modified":"2020-02-10T10:21:50","modified_gmt":"2020-02-10T15:21:50","slug":"rencontre-de-reflexion-sur-lattractivite-de-la-destination","status":"publish","type":"post","link":"https:\/\/linitiative.ca\/International\/rencontre-de-reflexion-sur-lattractivite-de-la-destination\/","title":{"rendered":"Rencontre de r\u00e9flexion sur l\u2019attractivit\u00e9 de la destination"},"content":{"rendered":"<div readability=\"37\">\n<p>Essaouira -Les professionnels du secteur du tourisme au niveau de la province d\u2019Essaouira se sont donn\u00e9 rendez-vous, le weekend \u00e0 l\u2019espace de Dar Souiri, le temps de mener une r\u00e9flexion collective sur les moyens et outils \u00e0 mettre en \u0153uvre en vue de stimuler davantage la dynamique touristique dans la cit\u00e9 des Aliz\u00e9s et sa r\u00e9gion et renforcer leur rayonnement et leur attractivit\u00e9.<\/p>\n<\/div>\n<div readability=\"184\">\n<p>Organis\u00e9e \u00e0 l\u2019initiative du Conseil Provincial du Tourisme d\u2019Essaouira (CPTE), cette journ\u00e9e de r\u00e9flexion et d\u2019incubation \u00ab\u00a0Let\u2019s Think Tank Essaouira\u00a0\u00bb a port\u00e9 sur la strat\u00e9gie territoriale de la ville, l\u2019objectif \u00e9tant de partager et d\u2019\u00e9changer, via divers ateliers, pour construire une vision future \u00e0 m\u00eame de booster davantage cette destination et contribuer ainsi \u00e0 son envol touristique et \u00e0 son d\u00e9veloppement s\u00fbr et durable.<\/p>\n<p>Riche en d\u00e9bats et en \u00e9changes, cette Rencontre, rehauss\u00e9e par la pr\u00e9sence notamment de M. Andr\u00e9 Azoulay, Conseiller de SM le Roi et pr\u00e9sident-fondateur de l\u2019Association Essaouira-Mogador, du gouverneur de la province d\u2019Essaouira, Adil El Maliki, et du Pr\u00e9sident du Conseil r\u00e9gional du Tourisme (CRT) de Marrakech-Safi, Hamid Bentahar, a permis aux diff\u00e9rents participants de partager leurs visions autour de l\u2019avenir 2.0 de la cit\u00e9 des Aliz\u00e9s et de sa r\u00e9gion. Un avenir qui s\u2019illustre d\u00e9j\u00e0 par plusieurs projets d\u2019envergure, tels que le lancement r\u00e9cemment par SM le Roi Mohammed VI de la r\u00e9alisation d\u2019une Cit\u00e9 des arts et de la culture \u00e0 Essaouira et l\u2019inauguration par le Souverain d\u2019un complexe int\u00e9gr\u00e9 de l\u2019artisanat.<\/p>\n<p>Dans un mot de circonstance, le pr\u00e9sident du CPTE, Redouane Khanne, a indiqu\u00e9 que cette rencontre d\u2019incubation, ayant pour th\u00e9matique \u00ab\u00a0la strat\u00e9gie territoriale de la ville d\u2019Essaouira\u00a0\u00bb, se veut une occasion pour engager la r\u00e9flexion et stimuler, ensemble, les d\u00e9bats constructifs autour des moyens \u00e0 mettre en \u0153uvre et l\u2019approche \u00e0 adopter pour mieux accompagner la dynamique de d\u00e9veloppement que connait la cit\u00e9 des Aliz\u00e9s \u00e0 tous les niveaux.<\/p>\n<p>Rappelant qu\u2019Essaouira, doublement distingu\u00e9e en 2019 en rejoignant le r\u00e9seau mondial de l\u2019UNESCO des villes les plus cr\u00e9atives et en c\u00e9l\u00e9brant l\u2019inscription de l\u2019art Gnaoua en tant que patrimoine immat\u00e9riel de l\u2019UNESCO, a su consolider sa place de choix sur l\u2019\u00e9chiquier touristique national comme sur le plan international, M. Khanne a pr\u00e9cis\u00e9 que si ces distinctions sont de nature \u00e0 renforcer davantage la place de la ville en tant que destination touristique incontournable, de par l\u2019ensemble des potentialit\u00e9s qu\u2019elle rec\u00e8le, elles \u00ab\u00a0nous mettent tous dans l\u2019obligation d\u2019agir ensemble dans une synergie inou\u00efe pour f\u00e9d\u00e9rer les efforts, capitaliser sur ces acquis, les inscrire dans la durabilit\u00e9 et se mobiliser collectivement afin de doter Essaouira d\u2019un plan de d\u00e9veloppement homog\u00e8ne\u00a0\u00bb, \u00e0 m\u00eame de permettre de trouver des solutions appropri\u00e9es \u00e0 toutes les probl\u00e9matiques qui perdurent.<\/p>\n<p>Mettant en exergue la r\u00e9cente visite \u00ab\u00a0historique\u00a0\u00bb de SM le Roi Mohammed VI \u00e0 Essaouira, il a soulign\u00e9 que la visite du Souverain ne pourrait que donner un \u00ab\u00a0coup d\u2019acc\u00e9l\u00e9rateur\u00a0\u00bb \u00e0 la dynamique que conna\u00eet la province qui vit, ces derni\u00e8res ann\u00e9es, aux rythmes de projets structurants de grande envergure.<\/p>\n<p>Il a, dans ce sillage, appel\u00e9 les professionnels du secteur touristique et h\u00f4telier et toutes les forces vives de la province \u00e0 se joindre \u00e0 cet effort constructif, destin\u00e9 \u00e0 promouvoir le \u00ab\u00a0Label\u00a0\u00bb Essaouira et \u00e0 consolider la place de choix de cette cit\u00e9 sur les plans \u00e9conomique, social, culturel et touristique.<\/p>\n<p>De son c\u00f4t\u00e9, le D\u00e9l\u00e9gu\u00e9 provincial du Tourisme \u00e0 Essaouira, Mouhsine Chafa\u00ef El Alaoui, a mis en relief, dans une pr\u00e9sentation exhaustive, l\u2019\u00e9volution tr\u00e8s remarquable des principaux indicateurs touristiques au niveau de la province.<\/p>\n<p>Ainsi, il a indiqu\u00e9 que l\u2019offre en infrastructure touristique a enregistr\u00e9 une forte croissance entre 2010 et 2020 : \u00e9tablissements d\u2019h\u00e9bergement class\u00e9s (+223%), restaurants class\u00e9s (+262%), agences de transport touristique (+191%), agences d\u2019activit\u00e9s de loisirs et de sports (+233%) et accompagnateurs et guides touristiques (+90%).<\/p>\n<p>Rappelant que le tourisme constitue un levier de croissance et un moteur de d\u00e9veloppement \u00e9conomique et social pour la province (12.000 emplois directs, 1,4 milliard de DH de recettes g\u00e9n\u00e9r\u00e9es par les non-r\u00e9sidents et 22% du PIB de la province), M. Chafa\u00ef El Alaoui a not\u00e9 que la capacit\u00e9 h\u00f4teli\u00e8re et liti\u00e8re a r\u00e9alis\u00e9, elle aussi, une importante progression, passant de 2.720 lits en 2009 \u00e0 6.428 lits en 2019, soit un taux de croissance annuel moyen (TCAM) de 9%.<\/p>\n<p>Il a, en outre, fait remarquer que le nombre des arriv\u00e9es et nuit\u00e9es a presque doubl\u00e9 entre 2010 et 2019, passant respectivement de 131.951 \u00e0 235.743 arriv\u00e9es et de 309.608 \u00e0 556.904 nuit\u00e9es, soit un TCAM de 7% pour chaque segment, avec \u00e0 la cl\u00e9 une hausse moyenne de 13% des arriv\u00e9es et de 10% des nuit\u00e9es au cours des 4 derni\u00e8res ann\u00e9es, ce qui repr\u00e9sente une \u00ab\u00a0surperformance\u00a0\u00bb par rapport \u00e0 la moyenne nationale.<\/p>\n<p>Il a, dans la foul\u00e9e, relev\u00e9 que le taux d\u2019occupation, qui a connu une \u00e9volution durant la p\u00e9riode 2009-2019, a enregistr\u00e9 une augmentation constante durant les 4 derni\u00e8res ann\u00e9es (+12 points).<\/p>\n<p>M. Chafa\u00ef El Alaoui a, d\u2019autre part, soulign\u00e9 que la France demeure le premier march\u00e9 \u00e9metteur de touristes au niveau de la province, suivi de l\u2019Allemagne et du Royaume Uni, avec l\u2019\u00e9mergence de nouveaux march\u00e9s (Chine, Pologne, Am\u00e9rique Latine), mettant en exergue l\u2019\u00e9volution du trafic a\u00e9roportuaire au niveau de l\u2019a\u00e9roport Essaouira-Mogador entre 2010 et 2019, ainsi que le renforcement de la desserte a\u00e9rienne (34 vols hebdomadaires actuellement) qui a permis de doubler le nombre de passagers en 4 ans, entre 2016 (68.240 voyageurs) et 2019 (120.435 voyageurs).<\/p>\n<p>Et de conclure que si l\u2019ann\u00e9e 2019 a vu tous les indicateurs au vert pour le tourisme, qui constitue l\u2019un des vecteurs majeurs de l\u2019\u00e9conomie locale, l\u2019ambition de doubler la taille du secteur exige \u00ab\u00a0une forte mont\u00e9e en puissance de nos actions\u00a0\u00bb notamment en mati\u00e8re de promotion des produits, de gouvernance, de comp\u00e9titivit\u00e9 du tissu, de transport a\u00e9rien et d\u2019environnement touristique et ce, pour r\u00e9pondre aux d\u00e9fis de d\u00e9veloppement.<\/p>\n<p>Cette journ\u00e9e d\u2019incubation a \u00e9t\u00e9, en outre, l\u2019occasion d\u2019alimenter la r\u00e9flexion du Conseil Provincial du Tourisme d\u2019Essaouira quant \u00e0 son essor touristique, afin d\u2019int\u00e9grer la feuille de route 2020 trac\u00e9e par la Conf\u00e9d\u00e9ration Nationale du Tourisme (CNT).<\/p>\n<p>Par ailleurs, un questionnaire en ligne sera partag\u00e9 via le CPTE afin d\u2019alimenter davantage les retours et r\u00e9flexions des internautes pour ainsi \u00e9laborer une strat\u00e9gie touristique locale et participative qui met en avant les importants atouts et les \u00e9normes potentialit\u00e9s dont regorge la province d\u2019Essaouira, l\u2019objectif ultime \u00e9tant d\u2019am\u00e9liorer davantage les performances touristiques de la ville et de consolider son rayonnement et sa place de choix en tant que l\u2019une des destinations les plus attractives et les plus pris\u00e9es sur les plans national et international.<\/p>\n<\/div>\n<p>Auteur: Meriem IGASS<br \/>\n<a href=\"http:\/\/www.mapmarrakech.ma\/fr\/rencontre-de-reflexion-sur-lattractivite-de-la-destination\/\">Cliquez ici pour lire l&rsquo;article depuis sa source.<\/a><\/p>\n","protected":false},"excerpt":{"rendered":"<p>Essaouira -Les professionnels du secteur du tourisme au niveau de la province d\u2019Essaouira se sont donn\u00e9 rendez-vous, le weekend \u00e0 l\u2019espace de Dar Souiri, le temps de mener une r\u00e9flexion collective sur les moyens et outils \u00e0 mettre en \u0153uvre en vue de stimuler davantage la dynamique touristique dans la cit\u00e9 des Aliz\u00e9s et sa [&hellip;]<\/p>\n","protected":false},"author":1788,"featured_media":0,"comment_status":"closed","ping_status":"closed","sticky":false,"template":"","format":"standard","meta":{"fifu_image_url":"","fifu_image_alt":"","footnotes":""},"categories":[54,76],"tags":[],"class_list":["post-75685","post","type-post","status-publish","format-standard","hentry","category-maroc","category-regions"],"_links":{"self":[{"href":"https:\/\/linitiative.ca\/International\/wp-json\/wp\/v2\/posts\/75685","targetHints":{"allow":["GET"]}}],"collection":[{"href":"https:\/\/linitiative.ca\/International\/wp-json\/wp\/v2\/posts"}],"about":[{"href":"https:\/\/linitiative.ca\/International\/wp-json\/wp\/v2\/types\/post"}],"author":[{"embeddable":true,"href":"https:\/\/linitiative.ca\/International\/wp-json\/wp\/v2\/users\/1788"}],"replies":[{"embeddable":true,"href":"https:\/\/linitiative.ca\/International\/wp-json\/wp\/v2\/comments?post=75685"}],"version-history":[{"count":0,"href":"https:\/\/linitiative.ca\/International\/wp-json\/wp\/v2\/posts\/75685\/revisions"}],"wp:attachment":[{"href":"https:\/\/linitiative.ca\/International\/wp-json\/wp\/v2\/media?parent=75685"}],"wp:term":[{"taxonomy":"category","embeddable":true,"href":"https:\/\/linitiative.ca\/International\/wp-json\/wp\/v2\/categories?post=75685"},{"taxonomy":"post_tag","embeddable":true,"href":"https:\/\/linitiative.ca\/International\/wp-json\/wp\/v2\/tags?post=75685"}],"curies":[{"name":"wp","href":"https:\/\/api.w.org\/{rel}","templated":true}]}}