{"id":75692,"date":"2020-02-10T12:48:08","date_gmt":"2020-02-10T17:48:08","guid":{"rendered":"https:\/\/linitiative.ca\/International\/adrar-observation-de-la-super-lune-au-campement-thuraya\/"},"modified":"2020-02-10T12:48:08","modified_gmt":"2020-02-10T17:48:08","slug":"adrar-observation-de-la-super-lune-au-campement-thuraya","status":"publish","type":"post","link":"https:\/\/linitiative.ca\/International\/adrar-observation-de-la-super-lune-au-campement-thuraya\/","title":{"rendered":"Adrar : observation de la super-lune au campement \u00ab\u00a0Thuraya\u00a0\u00bb"},"content":{"rendered":"<p><span class=\"sp-nh-title\">Diversit\u00e9 culturelle: l&rsquo;Alg\u00e9rie participe au 13e Comit\u00e9 intergouvernemental de l&rsquo;UNESCO<\/span> &#8211; <span class=\"sp-nh-date\">lundi 10 f\u00e9vrier 2020 19:43<\/span><\/p>\n<p><span class=\"sp-nh-title\">Sonelgaz pr\u00e9pare le lancement d&rsquo;un compteur \u00e9lectrique intelligent made in Algeria \u00a0<\/span> &#8211; <span class=\"sp-nh-date\">lundi 10 f\u00e9vrier 2020 19:42<\/span><\/p>\n<p><span class=\"sp-nh-title\">La CGEA salue les mesures annonc\u00e9es dans le plan d&rsquo;action du Gouvernement<\/span> &#8211; <span class=\"sp-nh-date\">lundi 10 f\u00e9vrier 2020 19:37<\/span><\/p>\n<p><span class=\"sp-nh-title\">33e Sommet de l&rsquo;UA: engagement pour mettre fin aux conflits en Afrique<\/span> &#8211; <span class=\"sp-nh-date\">lundi 10 f\u00e9vrier 2020 19:28<\/span><\/p>\n<p><span class=\"sp-nh-title\">Energie: le Plan d&rsquo;action du gouvernement vise une augmentation des capacit\u00e9s de raffinage \u00e0 35 millions tonnes\/an horizon 2024\u00a0<\/span> &#8211; <span class=\"sp-nh-date\">lundi 10 f\u00e9vrier 2020 19:26<\/span><\/p>\n<p><span class=\"sp-nh-title\">Les distributeurs de lait revendiquent l&rsquo;augmentation de la marge \u00e0 5 DA\/litre<\/span> &#8211; <span class=\"sp-nh-date\">lundi 10 f\u00e9vrier 2020 19:13<\/span><\/p>\n<p><span class=\"sp-nh-title\">Le sommet de l\u2019UA veut un cessez-le-feu et la fin des interf\u00e9rences en Libye \u00a0<\/span> &#8211; <span class=\"sp-nh-date\">lundi 10 f\u00e9vrier 2020 18:59<\/span><\/p>\n<p><span class=\"sp-nh-title\">Projet d&rsquo;int\u00e9gration des r\u00e9fugi\u00e9s dans l\u2019enseignement sup\u00e9rieur alg\u00e9rien : une exp\u00e9rience pionni\u00e8re \u00a0<\/span> &#8211; <span class=\"sp-nh-date\">lundi 10 f\u00e9vrier 2020 18:53<\/span><\/p>\n<p><span class=\"sp-nh-title\">Sommet de l&rsquo;UA: attachement au droit du peuple sahraoui \u00e0 l&rsquo;autod\u00e9termination<\/span> &#8211; <span class=\"sp-nh-date\">lundi 10 f\u00e9vrier 2020 18:51<\/span><\/p>\n<p><span class=\"sp-nh-title\">Adrar : observation de la super-lune au campement Thuraya<\/span> &#8211; <span class=\"sp-nh-date\">lundi 10 f\u00e9vrier 2020 18:48<\/span><\/p>\n<p><span class=\"sp-nh-title\">Energies renouvelables: recours \u00e0 l&rsquo;avenir aux petits r\u00e9seaux<\/span> &#8211; <span class=\"sp-nh-date\">lundi 10 f\u00e9vrier 2020 18:43<\/span><\/p>\n<p><span class=\"sp-nh-title\">Conseil de la nation: reprise des travaux samedi en s\u00e9ances pl\u00e9ni\u00e8res consacr\u00e9es au d\u00e9bat du Plan d&rsquo;action du gouvernement<\/span> &#8211; <span class=\"sp-nh-date\">lundi 10 f\u00e9vrier 2020 18:40<\/span><\/p>\n<p><span class=\"sp-nh-title\">Le Pr\u00e9sident Tebboune regagne Alger apr\u00e8s avoir pris part au sommet de l&rsquo;Union africaine<\/span> &#8211; <span class=\"sp-nh-date\">lundi 10 f\u00e9vrier 2020 18:34<\/span><\/p>\n<p><span class=\"sp-nh-title\">OPEP-Non OPEP: pourparlers sur la prolongation de l&rsquo;accord de r\u00e9duction de la production\u00a0<\/span> &#8211; <span class=\"sp-nh-date\">lundi 10 f\u00e9vrier 2020 18:24<\/span><\/p>\n<p><span class=\"sp-nh-title\">Lamamra : le noble objectif de faire taire les armes en Afrique est r\u00e9alisable<\/span> &#8211; <span class=\"sp-nh-date\">lundi 10 f\u00e9vrier 2020 18:17<\/span><\/p>\n<p><span class=\"sp-nh-title\">Transport: les startups et la digitalisation au c\u0153ur de la 4e \u00e9dition du SITTEM \u00a0<\/span> &#8211; <span class=\"sp-nh-date\">lundi 10 f\u00e9vrier 2020 18:16<\/span><\/p>\n<p><span class=\"sp-nh-title\">Esp\u00e8ces end\u00e9miques: plantation d\u2019une vingtaine de pin noir \u00e0 Tala Guilef\u00a0<\/span> &#8211; <span class=\"sp-nh-date\">lundi 10 f\u00e9vrier 2020 18:14<\/span><\/p>\n<p><span class=\"sp-nh-title\">Formation sur la fabrication des fromages dans le cadre d\u2019un partenariat alg\u00e9ro-hollandais<\/span> &#8211; <span class=\"sp-nh-date\">lundi 10 f\u00e9vrier 2020 18:01<\/span><\/p>\n<p><span class=\"sp-nh-title\">Accidents de la route: appel \u00e0 redoubler d&rsquo;effort dans la pr\u00e9vention et la sensibilisation<\/span> &#8211; <span class=\"sp-nh-date\">lundi 10 f\u00e9vrier 2020 17:32<\/span><\/p>\n<p><span class=\"sp-nh-title\">Affirmation et promotion des composantes de l\u2019identit\u00e9 et de la m\u00e9moire nationales<\/span> &#8211; <span class=\"sp-nh-date\">lundi 10 f\u00e9vrier 2020 17:14<\/span><\/p>\n<p>Auteur:<br \/>\n<a href=\"http:\/\/www.aps.dz\/regions\/101434-adrar-observation-de-la-super-lune-au-campement-thuraya\">Cliquez ici pour lire l&rsquo;article depuis sa source.<\/a><\/p>\n","protected":false},"excerpt":{"rendered":"<p>Diversit\u00e9 culturelle: l&rsquo;Alg\u00e9rie participe au 13e Comit\u00e9 intergouvernemental de l&rsquo;UNESCO &#8211; lundi 10 f\u00e9vrier 2020 19:43 Sonelgaz pr\u00e9pare le lancement d&rsquo;un compteur \u00e9lectrique intelligent made in Algeria \u00a0 &#8211; lundi 10 f\u00e9vrier 2020 19:42 La CGEA salue les mesures annonc\u00e9es dans le plan d&rsquo;action du Gouvernement &#8211; lundi 10 f\u00e9vrier 2020 19:37 33e Sommet de [&hellip;]<\/p>\n","protected":false},"author":1790,"featured_media":0,"comment_status":"closed","ping_status":"closed","sticky":false,"template":"","format":"standard","meta":{"fifu_image_url":"","fifu_image_alt":"","footnotes":""},"categories":[53,76],"tags":[],"class_list":["post-75692","post","type-post","status-publish","format-standard","hentry","category-algerie","category-regions"],"_links":{"self":[{"href":"https:\/\/linitiative.ca\/International\/wp-json\/wp\/v2\/posts\/75692","targetHints":{"allow":["GET"]}}],"collection":[{"href":"https:\/\/linitiative.ca\/International\/wp-json\/wp\/v2\/posts"}],"about":[{"href":"https:\/\/linitiative.ca\/International\/wp-json\/wp\/v2\/types\/post"}],"author":[{"embeddable":true,"href":"https:\/\/linitiative.ca\/International\/wp-json\/wp\/v2\/users\/1790"}],"replies":[{"embeddable":true,"href":"https:\/\/linitiative.ca\/International\/wp-json\/wp\/v2\/comments?post=75692"}],"version-history":[{"count":0,"href":"https:\/\/linitiative.ca\/International\/wp-json\/wp\/v2\/posts\/75692\/revisions"}],"wp:attachment":[{"href":"https:\/\/linitiative.ca\/International\/wp-json\/wp\/v2\/media?parent=75692"}],"wp:term":[{"taxonomy":"category","embeddable":true,"href":"https:\/\/linitiative.ca\/International\/wp-json\/wp\/v2\/categories?post=75692"},{"taxonomy":"post_tag","embeddable":true,"href":"https:\/\/linitiative.ca\/International\/wp-json\/wp\/v2\/tags?post=75692"}],"curies":[{"name":"wp","href":"https:\/\/api.w.org\/{rel}","templated":true}]}}