{"id":75721,"date":"2020-02-10T16:14:07","date_gmt":"2020-02-10T21:14:07","guid":{"rendered":"https:\/\/linitiative.ca\/International\/mise-en-place-dune-agence-algerienne-pour-la-solidarite\/"},"modified":"2020-02-10T16:14:07","modified_gmt":"2020-02-10T21:14:07","slug":"mise-en-place-dune-agence-algerienne-pour-la-solidarite","status":"publish","type":"post","link":"https:\/\/linitiative.ca\/International\/mise-en-place-dune-agence-algerienne-pour-la-solidarite\/","title":{"rendered":"Mise en place d&rsquo;une Agence alg\u00e9rienne pour la solidarit\u00e9"},"content":{"rendered":"<p>Le pr\u00e9sident de la R\u00e9publique, Abdelmadjid Tebboune, a annonc\u00e9 ce dimanche depuis la capitale \u00e9thiopienne Addis-Abeba, la cr\u00e9ation d\u2019une \u00ab\u00a0Agence alg\u00e9rienne de la coop\u00e9ration internationale pour la solidarit\u00e9 et le d\u00e9veloppement\u00a0\u00bb (ALDEC), avec une port\u00e9e continentale affirm\u00e9e. Il a indiqu\u00e9, lors de son intervention au 33e Sommet de l\u2019Union africaine (UA), que l\u2019objectif primordial \u00e0 travers cette Agence est de consolider le soutien et la solidarit\u00e9 entre les pays voisins de l\u2019Afrique, mais aussi de concr\u00e9tiser les projets de d\u00e9veloppement r\u00e9gional.\u00a0<br \/>\u00ab\u00a0J\u2019ai d\u00e9cid\u00e9 de cr\u00e9er une agence alg\u00e9rienne pour la coop\u00e9ration internationale pour le soutien et la solidarit\u00e9 (ALDEC), avec une port\u00e9e\u00a0africaine\u00a0affirm\u00e9e. L\u2019objectif, \u00e0 travers la mise en place de cette Agence, est de consolider le soutien et la solidarit\u00e9 entre les pays africains et concr\u00e9tiser les projets du d\u00e9veloppement r\u00e9gional\u00a0\u00bb, d\u00e9clare-t-il\u00a0<br \/>Cette d\u00e9cision se veut une mesure \u00ab\u00a0palpable\u00a0\u00bb prise par l\u2019Alg\u00e9rie\u00a0en vue de r\u00e9affirmer sa volont\u00e9 de r\u00e9activer son r\u00f4le dans les questions en rapport avec la stabilit\u00e9 du continent et son d\u00e9veloppement socio-\u00e9conomique.\u00a0<br \/>Tebboune encha\u00eene\u00a0: \u00ab\u00a0J\u2019ai d\u00e9cid\u00e9 d\u2019insuffler une nouvelle dynamique au sein de la coop\u00e9ration entre l\u2019Alg\u00e9rie et ses partenaires \u00e9trangers, notamment les pays de l\u2019Afrique et du Sahel. Cette\u00a0volont\u00e9 politique\u00a0se traduira par des mesures concr\u00e8tes et imminentes.\u00a0\u00bb<br \/>Le chef de l\u2019Etat a soulign\u00e9 la conviction de l\u2019Alg\u00e9rie quant au r\u00e8glement des conflits \u00e0 travers des solutions politiques bas\u00e9es sur le dialogue inclusif et la r\u00e9conciliation nationale, sans aucune ing\u00e9rence \u00e9trang\u00e8re.\u00a0<br \/>Partant de cette conviction immuable, dit le pr\u00e9sident de la R\u00e9publique, l\u2019Alg\u00e9rie ne va pas l\u00e9siner sur les efforts pour que la paix et la s\u00e9curit\u00e9 r\u00e8gnent en Afrique. Ainsi, elle poursuivra son soutien \u00e0 toutes les initiatives visant \u00e0 r\u00e9sorber les conflits et d\u00e9fendre les causes justes des peuples de par le monde afin qu\u2019ils recouvrent leurs\u00a0droits fondamentaux, notamment le droit \u00e0 l\u2019autod\u00e9termination.\u00a0Sur la situation s\u00e9curitaire au Sahel, le chef de l\u2019Etat a fait \u00e9tat d\u2019un regain d\u2019instabilit\u00e9 et d\u2019exacerbation des tensions dans cette zone, dus essentiellement \u00e0 la r\u00e9currence des groupes terroristes. Les pays du Sahel tels le Mali, le Niger et le Burkina Faso, restent de la sorte pris dans une spirale de violence loin de conna\u00eetre son \u00e9pilogue, ce qui\u00a0n\u00e9cessite, sugg\u00e8re le Pr\u00e9sident \u00e0 ses pairs africains, l\u2019intensification d\u2019un travail de coop\u00e9ration pour lutter contre ce fl\u00e9au.\u00a0Le Tchad n\u2019est pas \u00e9pargn\u00e9 par le d\u00e9sastre\u00a0caus\u00e9 par les groupes de Boco Haram malgr\u00e9 la pr\u00e9sence des forces internationales cens\u00e9es juguler le ph\u00e9nom\u00e8ne et contribuer \u00e0 la stabilit\u00e9 de ce pays, ajoute-t-il.\u00a0\u00c9voquant le dossier malien, Tebboune a mis l\u2019accent sur la lev\u00e9e de toutes les contraintes afin de relancer le processus de paix au Mali et de l\u2019accord d\u2019Alger sign\u00e9 en 2015 \u00e0 Bamako, soulignant dans la foul\u00e9e l\u2019inqui\u00e9tude que suscite la situation d\u2019instabilit\u00e9 en Libye et le risque d\u2019escalade militaire imminente. L\u2019Alg\u00e9rie ne peut rester de marbre devant une telle situation et offre ses bons offices pour abriter un dialogue interlibyen. Il d\u00e9clare \u00e0 ce titre\u00a0: \u00ab\u00a0Le peuple libyen ne m\u00e9rite pas les affres de la guerre\u00a0qu\u2019il subit aujourd\u2019hui. C\u2019est pour cette raison que l\u2019Alg\u00e9rie s\u2019est propos\u00e9e pour accueillir le dialogue entre les fr\u00e8res libyens.\u00a0\u00bb Cette d\u00e9marche se conforme aux traditions diplomatiques d\u2019Alger et s\u2019inscrit en droite ligne dans les engagements du sommet de Berlin sur la Libye et la rencontre de Brazzaville, en janvier dernier.\u00a0<br \/>Le pr\u00e9sident de la R\u00e9publique s\u2019est \u00e9tal\u00e9 dans son discours devant les chefs d\u2019Etat africains, passant en revue les diff\u00e9rents conflits qui s\u00e9vissent dans le continent africain et au Moyen-Orient. Sur la question du Sahara occidental, Tebboune estime\u00a0que ce conflit dure depuis plus de 45ans et risque de tarder \u00e0 voir sa fin.<br \/>L\u2019application du processus de r\u00e8glement de ce conflit, rebondit-il, devra se faire selon le plan trac\u00e9 par la communaut\u00e9 internationale.\u00a0Sur la cause palestinienne, le chef de l\u2019Etat a r\u00e9it\u00e9r\u00e9 l\u2019exigence de la cr\u00e9ation de l\u2019Etat palestinien ind\u00e9pendant dans les fronti\u00e8res de 1967, avec El-Qods comme capitale.<br \/>Ce 33e Sommet, dont les travaux se poursuivent ce lundi \u00e0 Addis-Abeba, a \u00e9t\u00e9 la premi\u00e8re sortie en Afrique du pr\u00e9sident Tebbonne, et surtout une opportunit\u00e9 pour lui de redorer le blason de l\u2019Alg\u00e9rie.\u00a0<\/p>\n<p>Auteur: Boudjedri<br \/>\n<a href=\"http:\/\/www.jeune-independant.net\/Mise-en-place-d-une-Agence.html\">Cliquez ici pour lire l&rsquo;article depuis sa source.<\/a><\/p>\n","protected":false},"excerpt":{"rendered":"<p>Le pr\u00e9sident de la R\u00e9publique, Abdelmadjid Tebboune, a annonc\u00e9 ce dimanche depuis la capitale \u00e9thiopienne Addis-Abeba, la cr\u00e9ation d\u2019une \u00ab\u00a0Agence alg\u00e9rienne de la coop\u00e9ration internationale pour la solidarit\u00e9 et le d\u00e9veloppement\u00a0\u00bb (ALDEC), avec une port\u00e9e continentale affirm\u00e9e. Il a indiqu\u00e9, lors de son intervention au 33e Sommet de l\u2019Union africaine (UA), que l\u2019objectif primordial \u00e0 [&hellip;]<\/p>\n","protected":false},"author":1737,"featured_media":0,"comment_status":"closed","ping_status":"closed","sticky":false,"template":"","format":"standard","meta":{"fifu_image_url":"","fifu_image_alt":"","footnotes":""},"categories":[73,53],"tags":[],"class_list":["post-75721","post","type-post","status-publish","format-standard","hentry","category-actualite","category-algerie"],"_links":{"self":[{"href":"https:\/\/linitiative.ca\/International\/wp-json\/wp\/v2\/posts\/75721","targetHints":{"allow":["GET"]}}],"collection":[{"href":"https:\/\/linitiative.ca\/International\/wp-json\/wp\/v2\/posts"}],"about":[{"href":"https:\/\/linitiative.ca\/International\/wp-json\/wp\/v2\/types\/post"}],"author":[{"embeddable":true,"href":"https:\/\/linitiative.ca\/International\/wp-json\/wp\/v2\/users\/1737"}],"replies":[{"embeddable":true,"href":"https:\/\/linitiative.ca\/International\/wp-json\/wp\/v2\/comments?post=75721"}],"version-history":[{"count":0,"href":"https:\/\/linitiative.ca\/International\/wp-json\/wp\/v2\/posts\/75721\/revisions"}],"wp:attachment":[{"href":"https:\/\/linitiative.ca\/International\/wp-json\/wp\/v2\/media?parent=75721"}],"wp:term":[{"taxonomy":"category","embeddable":true,"href":"https:\/\/linitiative.ca\/International\/wp-json\/wp\/v2\/categories?post=75721"},{"taxonomy":"post_tag","embeddable":true,"href":"https:\/\/linitiative.ca\/International\/wp-json\/wp\/v2\/tags?post=75721"}],"curies":[{"name":"wp","href":"https:\/\/api.w.org\/{rel}","templated":true}]}}