{"id":75722,"date":"2020-02-09T11:30:00","date_gmt":"2020-02-09T16:30:00","guid":{"rendered":"https:\/\/linitiative.ca\/International\/les-enseignants-du-primaire-durcissent-le-ton\/"},"modified":"2020-02-09T11:30:00","modified_gmt":"2020-02-09T16:30:00","slug":"les-enseignants-du-primaire-durcissent-le-ton","status":"publish","type":"post","link":"https:\/\/linitiative.ca\/International\/les-enseignants-du-primaire-durcissent-le-ton\/","title":{"rendered":"Les enseignants du primaire durcissent le ton"},"content":{"rendered":"<p>Le torchon br\u00fble entre le minist\u00e8re de l\u2019\u00c9ducation nationale et les enseignants du primaire. Ces derniers menacent de recourir \u00e0 une gr\u00e8ve g\u00e9n\u00e9rale illimit\u00e9e. En attendant, ils observeront ce lundi 10 f\u00e9vrier une \u00e9ni\u00e8me gr\u00e8ve cyclique d\u2019une journ\u00e9e, \u00e0 travers toutes les wilayas, pour exiger la prise en charge de leur plateforme de revendications.<br \/>Pour faire pression sur le minist\u00e8re de tutelle, et en plus du boycott des diff\u00e9rentes t\u00e2ches non p\u00e9dagogiques, la Coordination nationale des enseignants du cycle primaire envisage de \u00ab\u00a0boycotter les compositions du deuxi\u00e8me trimestre, pr\u00e9vues pour le 8 mars 2020, et d\u2019entamer une gr\u00e8ve de 13 jours reconductibles\u00a0\u00bb si le minist\u00e8re \u00ab\u00a0n\u2019ouvre pas les portes du dialogue\u00a0\u00bb et \u00ab\u00a0continue de faire la sourde oreille\u00a0\u00bb.<br \/>Selon la Coordination nationale des enseignants du primaire, la gr\u00e8ve est un droit constitutionnel pour exprimer le d\u00e9sarroi des enseignants et d\u00e9noncer le malaise qui ronge le cycle primaire. Dans un communiqu\u00e9 rendu public hier, la Coordination a fait savoir que cet \u00e9ni\u00e8me mouvement de gr\u00e8ve sera suivi par l\u2019organisation, le17 f\u00e9vrier, d\u2019une marche nationale \u00e0 partir de l\u2019annexe du minist\u00e8re de l\u2019\u00c9ducation nationale \u00e0 Alger.<br \/>La gr\u00e8ve des enseignants s\u2019inscrit dans la dur\u00e9e et aucun signe de d\u00e9nouement ne se profile \u00e0 l\u2019horizon. \u00ab\u00a0Nous allons reprendre notre mouvement de protestation aujourd\u2019hui lundi de mani\u00e8re p\u00e9riodique\u00a0\u00bb, a soulign\u00e9 la Coordination qui a fait part d\u2019une<br \/>\u00ab\u00a0d\u00e9termination des enseignants \u00e0 aller vers une gr\u00e8ve illimit\u00e9e. Une mani\u00e8re de maintenir la pression sur les autorit\u00e9s si jamais elles ne consentaient pas \u00e0 r\u00e9pondre favorablement \u00e0 nos revendications\u00a0\u00bb. \u00ab\u00a0Le recours \u00e0 la gr\u00e8ve est toujours motiv\u00e9 par la non-prise en charge au minist\u00e8re de tutelle des revendications soulev\u00e9es\u00a0\u00bb, souligne la Coordination. A souligner que plusieurs revendications socioprofessionnelles ont \u00e9t\u00e9 mises en avant par la Coordination nationale des enseignants du primaire. Il s\u2019agit, entre autres, de \u00ab\u00a0la r\u00e9vision des programmes p\u00e9dagogiques, des calendriers des vacances et de la rentr\u00e9e scolaire pour les r\u00e9gions du sud du pays\u00a0\u00bb, de \u00ab\u00a0la modification du statut particulier\u00a0\u00bb de telle sorte \u00e0 reclasser les enseignants du secondaire, du moyen et du primaire au m\u00eame grade de base, et de \u00ab\u00a0la diminution du volume horaire\u00a0\u00bb. En outre, les gr\u00e9vistes r\u00e9clament \u00ab\u00a0l\u2019application imm\u00e9diate du d\u00e9cret pr\u00e9sidentiel N\u00b0266\/14 avec effet r\u00e9troactif depuis sa parution en 2014, \u00ab\u00a0le recrutement de superviseurs, afin d\u2019assurer l\u2019encadrement des \u00e9l\u00e8ves dans la cour et les cantines pour permettre aux enseignants de se consacrer \u00e0 leurs t\u00e2ches p\u00e9dagogiques\u00a0\u00bb et, enfin, \u00ab\u00a0la cr\u00e9ation de nouveaux grades d\u2019enseignant pour les mati\u00e8res scientifiques, litt\u00e9raires et d\u2019\u00e9ducation physique\u00a0\u00bb. Pour rappel, les enseignants du primaire ont entam\u00e9 leur mouvement de gr\u00e8ve au mois d\u2019octobre pass\u00e9. Ils refusent de l\u00e2cher prise tant que leurs dol\u00e9ances ne sont pas prises en charge par la tutelle.<\/p>\n<p>Auteur: Boudjedri<br \/>\n<a href=\"http:\/\/www.jeune-independant.net\/Les-enseignants-du-primaire-23364.html\">Cliquez ici pour lire l&rsquo;article depuis sa source.<\/a><\/p>\n","protected":false},"excerpt":{"rendered":"<p>Le torchon br\u00fble entre le minist\u00e8re de l\u2019\u00c9ducation nationale et les enseignants du primaire. Ces derniers menacent de recourir \u00e0 une gr\u00e8ve g\u00e9n\u00e9rale illimit\u00e9e. En attendant, ils observeront ce lundi 10 f\u00e9vrier une \u00e9ni\u00e8me gr\u00e8ve cyclique d\u2019une journ\u00e9e, \u00e0 travers toutes les wilayas, pour exiger la prise en charge de leur plateforme de revendications.Pour faire [&hellip;]<\/p>\n","protected":false},"author":1737,"featured_media":0,"comment_status":"closed","ping_status":"closed","sticky":false,"template":"","format":"standard","meta":{"fifu_image_url":"","fifu_image_alt":"","footnotes":""},"categories":[73,53],"tags":[],"class_list":["post-75722","post","type-post","status-publish","format-standard","hentry","category-actualite","category-algerie"],"_links":{"self":[{"href":"https:\/\/linitiative.ca\/International\/wp-json\/wp\/v2\/posts\/75722","targetHints":{"allow":["GET"]}}],"collection":[{"href":"https:\/\/linitiative.ca\/International\/wp-json\/wp\/v2\/posts"}],"about":[{"href":"https:\/\/linitiative.ca\/International\/wp-json\/wp\/v2\/types\/post"}],"author":[{"embeddable":true,"href":"https:\/\/linitiative.ca\/International\/wp-json\/wp\/v2\/users\/1737"}],"replies":[{"embeddable":true,"href":"https:\/\/linitiative.ca\/International\/wp-json\/wp\/v2\/comments?post=75722"}],"version-history":[{"count":0,"href":"https:\/\/linitiative.ca\/International\/wp-json\/wp\/v2\/posts\/75722\/revisions"}],"wp:attachment":[{"href":"https:\/\/linitiative.ca\/International\/wp-json\/wp\/v2\/media?parent=75722"}],"wp:term":[{"taxonomy":"category","embeddable":true,"href":"https:\/\/linitiative.ca\/International\/wp-json\/wp\/v2\/categories?post=75722"},{"taxonomy":"post_tag","embeddable":true,"href":"https:\/\/linitiative.ca\/International\/wp-json\/wp\/v2\/tags?post=75722"}],"curies":[{"name":"wp","href":"https:\/\/api.w.org\/{rel}","templated":true}]}}