{"id":75723,"date":"2020-02-09T11:30:00","date_gmt":"2020-02-09T16:30:00","guid":{"rendered":"https:\/\/linitiative.ca\/International\/un-militaire-tue-lors-dune-attaque-kamikaze-a-timiaouine\/"},"modified":"2020-02-09T11:30:00","modified_gmt":"2020-02-09T16:30:00","slug":"un-militaire-tue-lors-dune-attaque-kamikaze-a-timiaouine","status":"publish","type":"post","link":"https:\/\/linitiative.ca\/International\/un-militaire-tue-lors-dune-attaque-kamikaze-a-timiaouine\/","title":{"rendered":"Un militaire tu\u00e9 lors d&rsquo;une attaque kamikaze \u00e0 Timiaouine"},"content":{"rendered":"<p>Un d\u00e9tachement de l\u2019Arm\u00e9e nationale populaire (ANP) a \u00e9t\u00e9 la cible ce dimanche matin d\u2019une attaque d\u2019un kamikaze \u00e0 bord d\u2019un v\u00e9hicule tout terrain pi\u00e9g\u00e9 dans la zone frontali\u00e8re de Timiaouine, \u00e0 Bordj Badji Mokhtar, indique un communiqu\u00e9 du minist\u00e8re de la D\u00e9fense nationale (MDN), d\u00e9plorant la mort d\u2019un militaire charg\u00e9 du contr\u00f4le apr\u00e8s avoir mis en \u00e9chec la tentative d\u2019entr\u00e9e en force du v\u00e9hicule.<br \/>\u00ab\u00a0Un d\u00e9tachement de l\u2019Arm\u00e9e Nationale Populaire a \u00e9t\u00e9 la cible, ce jour 09 f\u00e9vrier 2020 \u00e0 10H50, dans la zone frontali\u00e8re de Timiaouine, \u00e0 Bordj Badji Mokhtar en 6e R\u00e9gion Militaire, d\u2019un kamikaze \u00e0 bord d\u2019un v\u00e9hicule tout terrain pi\u00e9g\u00e9. Aussit\u00f4t identifi\u00e9, le militaire charg\u00e9 du contr\u00f4le de l\u2019acc\u00e8s est parvenu \u00e0 mettre en \u00e9chec la tentative d\u2019entr\u00e9e en force du v\u00e9hicule suspect, cependant le kamikaze a fait exploser son v\u00e9hicule, causant le d\u00e9c\u00e8s du militaire en faction\u00a0\u00bb, pr\u00e9cise le MDN.<br \/>\u00ab\u00a0Suite \u00e0 ce l\u00e2che attentat, le G\u00e9n\u00e9ral-Major Sa\u00efd Chanegriha, Chef d\u2019Etat-Major de l\u2019Arm\u00e9e Nationale Populaire par Int\u00e9rim adresse ses sinc\u00e8res condol\u00e9ances \u00e0 la famille et aux proches du Chahid, saluant la grande vigilance dont ont fait preuve les \u00e9l\u00e9ments du d\u00e9tachement qui ont pu d\u00e9jouer et mettre en \u00e9chec cette tentative d\u00e9sesp\u00e9r\u00e9e en qu\u00eate d\u2019impact m\u00e9diatique, tout en soulignant la d\u00e9termination des Forces de l\u2019ANP \u00e0 \u00e9radiquer le fl\u00e9au terroriste et \u00e0 traquer les criminels \u00e0 travers tout le territoire national, afin de pr\u00e9server la s\u00e9curit\u00e9 et la stabilit\u00e9 du pays\u00a0\u00bb, ajoute le communiqu\u00e9.<br \/>Il s\u2019agit du premier attentat du genre visant un d\u00e9tachement de l\u2019ANP dans cette r\u00e9gion du pays.\u00a0<\/p>\n<p>Auteur: Boudjedri<br \/>\n<a href=\"http:\/\/www.jeune-independant.net\/Un-militaire-tue-lors-d-une.html\">Cliquez ici pour lire l&rsquo;article depuis sa source.<\/a><\/p>\n","protected":false},"excerpt":{"rendered":"<p>Un d\u00e9tachement de l\u2019Arm\u00e9e nationale populaire (ANP) a \u00e9t\u00e9 la cible ce dimanche matin d\u2019une attaque d\u2019un kamikaze \u00e0 bord d\u2019un v\u00e9hicule tout terrain pi\u00e9g\u00e9 dans la zone frontali\u00e8re de Timiaouine, \u00e0 Bordj Badji Mokhtar, indique un communiqu\u00e9 du minist\u00e8re de la D\u00e9fense nationale (MDN), d\u00e9plorant la mort d\u2019un militaire charg\u00e9 du contr\u00f4le apr\u00e8s avoir [&hellip;]<\/p>\n","protected":false},"author":1737,"featured_media":0,"comment_status":"closed","ping_status":"closed","sticky":false,"template":"","format":"standard","meta":{"fifu_image_url":"","fifu_image_alt":"","footnotes":""},"categories":[73,53],"tags":[],"class_list":["post-75723","post","type-post","status-publish","format-standard","hentry","category-actualite","category-algerie"],"_links":{"self":[{"href":"https:\/\/linitiative.ca\/International\/wp-json\/wp\/v2\/posts\/75723","targetHints":{"allow":["GET"]}}],"collection":[{"href":"https:\/\/linitiative.ca\/International\/wp-json\/wp\/v2\/posts"}],"about":[{"href":"https:\/\/linitiative.ca\/International\/wp-json\/wp\/v2\/types\/post"}],"author":[{"embeddable":true,"href":"https:\/\/linitiative.ca\/International\/wp-json\/wp\/v2\/users\/1737"}],"replies":[{"embeddable":true,"href":"https:\/\/linitiative.ca\/International\/wp-json\/wp\/v2\/comments?post=75723"}],"version-history":[{"count":0,"href":"https:\/\/linitiative.ca\/International\/wp-json\/wp\/v2\/posts\/75723\/revisions"}],"wp:attachment":[{"href":"https:\/\/linitiative.ca\/International\/wp-json\/wp\/v2\/media?parent=75723"}],"wp:term":[{"taxonomy":"category","embeddable":true,"href":"https:\/\/linitiative.ca\/International\/wp-json\/wp\/v2\/categories?post=75723"},{"taxonomy":"post_tag","embeddable":true,"href":"https:\/\/linitiative.ca\/International\/wp-json\/wp\/v2\/tags?post=75723"}],"curies":[{"name":"wp","href":"https:\/\/api.w.org\/{rel}","templated":true}]}}