{"id":75730,"date":"2020-02-10T12:28:00","date_gmt":"2020-02-10T17:28:00","guid":{"rendered":"https:\/\/linitiative.ca\/International\/les-regards-froids-de-hedi-behi-sur-une-revolution-inedite\/"},"modified":"2020-02-10T12:28:00","modified_gmt":"2020-02-10T17:28:00","slug":"les-regards-froids-de-hedi-behi-sur-une-revolution-inedite","status":"publish","type":"post","link":"https:\/\/linitiative.ca\/International\/les-regards-froids-de-hedi-behi-sur-une-revolution-inedite\/","title":{"rendered":"Les \u00abRegards froids\u00bb de H\u00e9di B\u00e9hi sur  \u00abune  r\u00e9volution in\u00e9dite\u00bb"},"content":{"rendered":"<p><em>A travers une lecture partag\u00e9e, l&rsquo;ouvrage de H\u00e9di B\u00e9hi aux \u00e9ditions Leaders r\u00e9v\u00e8le ses id\u00e9es sous un angle nouveau.<\/em><\/p>\n<p>Une lecture \u00e0 haute voix porte en elle le sceau de l\u2019ouvrage qu\u2019elle raconte. Samedi, il \u00e9tait question d\u2019id\u00e9es, de r\u00e9volution tunisienne et d\u2019analyse oscillant entre la rationalit\u00e9 et l\u2019impression \u00e0 chaud. En effet, l&rsquo;auteur a pr\u00e9sent\u00e9 samedi 8 f\u00e9vrier son ouvrage intitul\u00e9 <em>en lisant \u00e0 voix haute certains passages, et en les aur\u00e9olant d\u2019impressions d\u2019\u00e9criture.<\/em><\/p>\n<p class=\"c2\"><img decoding=\"async\" src=\"\/uploads\/FCK_files\/IMG_3770.jpg\" alt=\"\" width=\"100%\" vspace=\"5\" hspace=\"5\" align=\"middle\"\/><\/p>\n<p>La pr\u00e9sentation a permis, par son analyse, d\u2019ouvrir ensuite le d\u00e9bat sur des questions d\u2019actualit\u00e9s. Le d\u00e9bat, riche et anim\u00e9, \u00e9tait un pullulement d\u2019id\u00e9es et de r\u00e9flexions accompagn\u00e9es d\u2019arguments solides et d\u2019informations compl\u00e9mentaires. Aux positions des uns se disputaient les positions des autres, chaque parole amenant avec elle un regard \u00e9clair\u00e9 sur une situation souvent inextricable.<\/p>\n<p>\u00abRegards froids sur une r\u00e9volution in\u00e9dite\u00bb est, \u00e0 l\u2019image des autres ouvrages \u00e9dit\u00e9s par Leaders \u00e0 l\u2019occasion de la publication de son centi\u00e8me num\u00e9ro, une compilation d\u2019articles parus dans le magazine Leaders depuis le premier num\u00e9ro en juin 2011. En compilant ainsi les articles \u00e9crits en suivant le fil de l\u2019actualit\u00e9: \u00ab\u00c9crits \u00e0 chaud, ces textes sont \u00e0 pr\u00e9sent des traceurs\/marqueurs d\u2019une pens\u00e9e exerc\u00e9e dans un contexte cimplexe en rapide mutation. Les relire, c\u2019est appr\u00e9cier, avec le recul, la trajectoire des interrogations du moment\u00bb.<\/p>\n<p>Dans la pr\u00e9face, Aly Ko\u00efta expose en quelques mots l\u2019essentiel de cet ouvrage: \u00abTout au long de ces huit derni\u00e8res ann\u00e9es, H\u00e9di B\u00e9hi, fin observateur de la vie politique de son pays, nous a gtatifi\u00e9s de billets qui, par leur profondeur et leur \u00e9clectisme, nous \u00e9clairent sur la r\u00e9volution du jasmin, survenue le 14 janvier 2011. Ayant pr\u00e8s de 50 ans d\u2019exp\u00e9rience dans le journalisme \u00e0 son actif, H\u00e9di B\u00e9hi \u00abva droit \u00e0 l\u2019essentiel, sans fioritures, pour scruter, d\u00e9crypter et diss\u00e9quer la R\u00e9volution sous toutes ses coutures\u00bb.<\/p>\n<p><strong>H\u00e9di B\u00e9hi \u00abRegards froids sur une r\u00e9volution in\u00e9dite\u00bb Editions Leaders 294 pages 25 dinars<\/strong><em><br \/><\/em><\/p>\n<p>\u00a0<\/p>\n<p>Auteur:<br \/>\n<a href=\"https:\/\/www.leaders.com.tn\/article\/29096-les-regards-froids-de-hedi-behi-sur-une-revolution-inedite\">Cliquez ici pour lire l&rsquo;article depuis sa source.<\/a><\/p>\n","protected":false},"excerpt":{"rendered":"<p>A travers une lecture partag\u00e9e, l&rsquo;ouvrage de H\u00e9di B\u00e9hi aux \u00e9ditions Leaders r\u00e9v\u00e8le ses id\u00e9es sous un angle nouveau. Une lecture \u00e0 haute voix porte en elle le sceau de l\u2019ouvrage qu\u2019elle raconte. Samedi, il \u00e9tait question d\u2019id\u00e9es, de r\u00e9volution tunisienne et d\u2019analyse oscillant entre la rationalit\u00e9 et l\u2019impression \u00e0 chaud. En effet, l&rsquo;auteur a [&hellip;]<\/p>\n","protected":false},"author":1772,"featured_media":75731,"comment_status":"closed","ping_status":"closed","sticky":false,"template":"","format":"standard","meta":{"fifu_image_url":"","fifu_image_alt":"","footnotes":""},"categories":[73,55],"tags":[],"class_list":["post-75730","post","type-post","status-publish","format-standard","has-post-thumbnail","hentry","category-actualite","category-tunisie"],"_links":{"self":[{"href":"https:\/\/linitiative.ca\/International\/wp-json\/wp\/v2\/posts\/75730","targetHints":{"allow":["GET"]}}],"collection":[{"href":"https:\/\/linitiative.ca\/International\/wp-json\/wp\/v2\/posts"}],"about":[{"href":"https:\/\/linitiative.ca\/International\/wp-json\/wp\/v2\/types\/post"}],"author":[{"embeddable":true,"href":"https:\/\/linitiative.ca\/International\/wp-json\/wp\/v2\/users\/1772"}],"replies":[{"embeddable":true,"href":"https:\/\/linitiative.ca\/International\/wp-json\/wp\/v2\/comments?post=75730"}],"version-history":[{"count":0,"href":"https:\/\/linitiative.ca\/International\/wp-json\/wp\/v2\/posts\/75730\/revisions"}],"wp:featuredmedia":[{"embeddable":true,"href":"https:\/\/linitiative.ca\/International\/wp-json\/"}],"wp:attachment":[{"href":"https:\/\/linitiative.ca\/International\/wp-json\/wp\/v2\/media?parent=75730"}],"wp:term":[{"taxonomy":"category","embeddable":true,"href":"https:\/\/linitiative.ca\/International\/wp-json\/wp\/v2\/categories?post=75730"},{"taxonomy":"post_tag","embeddable":true,"href":"https:\/\/linitiative.ca\/International\/wp-json\/wp\/v2\/tags?post=75730"}],"curies":[{"name":"wp","href":"https:\/\/api.w.org\/{rel}","templated":true}]}}