{"id":75733,"date":"2020-02-10T15:35:00","date_gmt":"2020-02-10T20:35:00","guid":{"rendered":"https:\/\/linitiative.ca\/International\/derniere-minute-pas-de-vote-mardi-au-conseil-de-securite-sur-la-resolution-pro-palestine\/"},"modified":"2020-02-10T15:35:00","modified_gmt":"2020-02-10T20:35:00","slug":"derniere-minute-pas-de-vote-mardi-au-conseil-de-securite-sur-la-resolution-pro-palestine","status":"publish","type":"post","link":"https:\/\/linitiative.ca\/International\/derniere-minute-pas-de-vote-mardi-au-conseil-de-securite-sur-la-resolution-pro-palestine\/","title":{"rendered":"Derni\u00e8re minute : Pas de vote mardi au conseil de S\u00e9curit\u00e9 sur la r\u00e9solution pro-Palestine"},"content":{"rendered":"<p>Le conseil de S\u00e9curit\u00e9 ne proc\u00e8dera pas au vote mardi sur le projet de motion co-sponsoris\u00e9 par la Tunisie et l\u2019Indon\u00e9sie, relative \u00e0 la \u00ab\u00a0vision\u00a0\u00bb am\u00e9ricaine de paix au Moyen Orient. La d\u00e9l\u00e9gation palestinienne a demand\u00e9, apprend Leaders de bonne source au si\u00e8ge de l\u2019ONU \u00e0 New York, d\u2019\u00e9tendre la p\u00e9riode de consultation et de retarder la mise en bleu du texte en projet. Les consultations seront ainsi \u00e9tendues ce mardi.<\/p>\n<p><strong>Lire aussi<\/strong><\/p>\n<p><a href=\"https:\/\/www.leaders.com.tn\/article\/29097-en-direct-de-new-york-la-resolution-sur-la-palestine-a-t-elle-des-chances-de-passer\" target=\"_blank\" rel=\"noopener noreferrer\">En direct de New York \u2013 La r\u00e9solution sur la Palestine a-t-elle des chances de passer ?<\/a><\/p>\n<p><a href=\"https:\/\/www.leaders.com.tn\/article\/29085-apres-le-limogeage-de-baati-les-trois-grandes-questions-que-tous-se-posent-a-new-york\" target=\"_blank\" rel=\"noopener noreferrer\">Apr\u00e8s le limogeage de B\u00e2ati : Les trois grandes questions que tous se posent \u00e0 New York<\/a><br \/>\u00a0<\/p>\n<p>Auteur:<br \/>\n<a href=\"https:\/\/www.leaders.com.tn\/article\/29098-derniere-minute-pas-de-vote-mardi-au-conseil-de-securite-sur-la-resolution-pro-palestine\">Cliquez ici pour lire l&rsquo;article depuis sa source.<\/a><\/p>\n","protected":false},"excerpt":{"rendered":"<p>Le conseil de S\u00e9curit\u00e9 ne proc\u00e8dera pas au vote mardi sur le projet de motion co-sponsoris\u00e9 par la Tunisie et l\u2019Indon\u00e9sie, relative \u00e0 la \u00ab\u00a0vision\u00a0\u00bb am\u00e9ricaine de paix au Moyen Orient. La d\u00e9l\u00e9gation palestinienne a demand\u00e9, apprend Leaders de bonne source au si\u00e8ge de l\u2019ONU \u00e0 New York, d\u2019\u00e9tendre la p\u00e9riode de consultation et de [&hellip;]<\/p>\n","protected":false},"author":1772,"featured_media":0,"comment_status":"closed","ping_status":"closed","sticky":false,"template":"","format":"standard","meta":{"fifu_image_url":"","fifu_image_alt":"","footnotes":""},"categories":[73,55],"tags":[],"class_list":["post-75733","post","type-post","status-publish","format-standard","hentry","category-actualite","category-tunisie"],"_links":{"self":[{"href":"https:\/\/linitiative.ca\/International\/wp-json\/wp\/v2\/posts\/75733","targetHints":{"allow":["GET"]}}],"collection":[{"href":"https:\/\/linitiative.ca\/International\/wp-json\/wp\/v2\/posts"}],"about":[{"href":"https:\/\/linitiative.ca\/International\/wp-json\/wp\/v2\/types\/post"}],"author":[{"embeddable":true,"href":"https:\/\/linitiative.ca\/International\/wp-json\/wp\/v2\/users\/1772"}],"replies":[{"embeddable":true,"href":"https:\/\/linitiative.ca\/International\/wp-json\/wp\/v2\/comments?post=75733"}],"version-history":[{"count":0,"href":"https:\/\/linitiative.ca\/International\/wp-json\/wp\/v2\/posts\/75733\/revisions"}],"wp:attachment":[{"href":"https:\/\/linitiative.ca\/International\/wp-json\/wp\/v2\/media?parent=75733"}],"wp:term":[{"taxonomy":"category","embeddable":true,"href":"https:\/\/linitiative.ca\/International\/wp-json\/wp\/v2\/categories?post=75733"},{"taxonomy":"post_tag","embeddable":true,"href":"https:\/\/linitiative.ca\/International\/wp-json\/wp\/v2\/tags?post=75733"}],"curies":[{"name":"wp","href":"https:\/\/api.w.org\/{rel}","templated":true}]}}