{"id":75741,"date":"2020-02-10T15:23:56","date_gmt":"2020-02-10T20:23:56","guid":{"rendered":"https:\/\/linitiative.ca\/International\/abandon-scolaire-et-manque-de-qualification-en-tete-20-des-jeunes-tunisiens-sont-inemployables\/"},"modified":"2020-02-10T15:23:56","modified_gmt":"2020-02-10T20:23:56","slug":"abandon-scolaire-et-manque-de-qualification-en-tete-20-des-jeunes-tunisiens-sont-inemployables","status":"publish","type":"post","link":"https:\/\/linitiative.ca\/International\/abandon-scolaire-et-manque-de-qualification-en-tete-20-des-jeunes-tunisiens-sont-inemployables\/","title":{"rendered":"Abandon scolaire et manque de qualification en t\u00eate : 20% des jeunes tunisiens sont inemployables !"},"content":{"rendered":"<div class=\"post-cont-in left relative\">\n<p>L\u2019inactivit\u00e9 des jeunes est un probl\u00e8me majeur en Tunisie. Les juniors qui ne sont ni employ\u00e9s, ni scolaris\u00e9s ni\u00a0en train de suivre\u00a0une formation repr\u00e9sentent un pourcentage important de la main-d\u2019\u0153uvre potentielle du pays. Il est \u00e0 pr\u00e9ciser qu\u2019il est consid\u00e9r\u00e9 comme jeune en Tunisie, toute personne \u00e2g\u00e9e de 18 \u00e0 29 ans. Cette vision est moins limitative que celle adopt\u00e9e par les organismes internationaux qui optent pour l\u2019\u00e2ge maximum de 24 ans.<\/p>\n<div class=\"code-block code-block-1 c3\"><ins class=\"adsbygoogle c2\" data-ad-layout=\"in-article\" data-ad-format=\"fluid\" data-ad-client=\"ca-pub-2102118777505746\" data-ad-slot=\"7301775417\"\/> <\/div>\n<p>Une enqu\u00eate r\u00e9alis\u00e9e par l\u2019Observatoire national de l\u2019emploi et des qualifications en 2017 a r\u00e9v\u00e9l\u00e9 que plus de <strong>20% des jeunes sont compl\u00e8tement et durablement oisifs<\/strong>.<\/p>\n<p>Il s\u2019agit d\u2019un ch\u00f4mage end\u00e9mique qui concerne un jeune sur sept. Le taux de la chronicit\u00e9 avoisine les 38%. Quant aux jeunes dipl\u00f4m\u00e9s, l\u2019enqu\u00eate a montr\u00e9 que <strong>plus de 50% sont plac\u00e9s hors leur branche d\u2019activit\u00e9 et r\u00e9partis entre agents et personnel non qualifi\u00e9 (26,8%), artisans (14,8%) et ouvriers et vendeurs (16,3%)<\/strong>.<\/p>\n<p>En Tunisie, nombreuses contraintes p\u00e8sent sur les parcours des jeunes et reportent leur acc\u00e8s \u00e0 l\u2019emploi tels que l\u2019allongement de la dur\u00e9e de la formation et l\u2019arriv\u00e9e tardive au stade actif. L\u2019emploi formel s\u2019\u00e9loigne de plus en plus des ch\u00f4meurs de longue dur\u00e9e et rares sont les jeunes qui trouveront un emploi digne.<\/p>\n<p>En moins de soixante ans, la Tunisie a achev\u00e9 sa transition d\u00e9mographique, alors que les pays europ\u00e9ens y ont mis entre 100 et 150 ans.<\/p>\n<p>L\u2019indice synth\u00e9tique de f\u00e9condit\u00e9 (enfants par femme) est pass\u00e9 de 7,2 en 1966 \u00e0 2,05 en 2014 et le taux d\u2019accroissement de la population a diminu\u00e9 de 2,9% en 1966 \u00e0 1,2% actuellement.<\/p>\n<p>N\u00e9anmoins, la population tunisienne estim\u00e9e \u00e0 10.883.000 d\u2019habitants environ est encore relativement jeune avec pr\u00e8s de deux millions de scolaris\u00e9s. Malgr\u00e9 le potentiel que pr\u00e9sente la jeunesse de la population et un taux de scolarisation consid\u00e9r\u00e9 jadis comme le fleuron de la politique \u00e9ducative de la Tunisie, certaines r\u00e9alit\u00e9s viennent \u00e9branler le \u00ab\u00a0mod\u00e8le\u00a0\u00bb tunisien en la mati\u00e8re. Au fait, <strong>l\u2019abandon scolaire cause une perte financi\u00e8re annuelle estim\u00e9e \u00e0 1,150 milliard de dinars, soit 20% du budget du Minist\u00e8re de l\u2019Education<\/strong>.<\/p>\n<p>C\u2019est en tout cas ce qu\u2019a affirm\u00e9, le 15 avril 2019 le ministre de l\u2019Education, lors d\u2019une s\u00e9ance pl\u00e9ni\u00e8re de l\u2019Assembl\u00e9e des Repr\u00e9sentants du Peuple qui a soulign\u00e9 que \u00ab\u00a0c\u2019est un fl\u00e9au qui menace le syst\u00e8me de l\u2019\u00e9ducation en Tunisie, mais encore plus grave, le nombre des d\u00e9crocheurs scolaires augmente d\u2019une ann\u00e9e \u00e0 l\u2019autre\u00a0\u00bb.<\/p>\n<p>Certains experts avancent le chiffre alarmant de <strong>100 mille abandons scolaires par an, soit une moyenne de 300 d\u00e9crocheurs par jour<\/strong>.<\/p>\n<p>Se rapprocher du plein-emploi dans le pays est consid\u00e9r\u00e9 aujourd\u2019hui \u2013 et certes pour longtemps \u2013 comme un objectif impossible \u00e0 atteindre. Le taux de ch\u00f4mage, estim\u00e9 \u00e0 15,5% fin d\u00e9cembre 2019, et est caract\u00e9ris\u00e9 par une expansion inqui\u00e9tante, le fl\u00e9au touche de plein fouet les jeunes provoquant pr\u00e9carit\u00e9 et vuln\u00e9rabilit\u00e9.<\/p>\n<p>L\u2019instabilit\u00e9 politique actuelle impacte l\u2019autonomisation des individus\u00a0au ch\u00f4mage et ainsi la jeunesse a du mal \u00e0 se prendre en charge.<\/p>\n<p>De nombreux jeunes survivent avec des revenus insignifiants et travaillent dans des situations difficiles, fr\u00e9quemment dans le <strong>secteur informel<\/strong>, qui attire notamment ces derni\u00e8res ann\u00e9es <strong>53,5% de la population active.<\/strong> Ils\u00a0rencontrent, de ce fait, d\u2019\u00e9normes difficult\u00e9s pour \u00eatre employ\u00e9s ou lancer leurs propres affaires.<\/p>\n<div class=\"swp_social_panel swp_horizontal_panel swp_flat_fresh swp_default_full_color swp_individual_full_color swp_other_full_color scale-100 scale-\" data-min-width=\"1100\" data-float-color=\"#ffffff\" data-float=\"bottom\" data-float-mobile=\"bottom\" data-transition=\"slide\">\n<div class=\"nc_tweetContainer swp_share_button total_shares total_sharesalt\"><span class=\"swp_count\">22 <span class=\"swp_label\">Partages<\/span><\/span><\/div>\n<\/div>\n<p><strong>Que se passe-t-il en Tunisie?<\/strong><br \/>Nous expliquons sur notre <a href=\"https:\/\/www.youtube.com\/channel\/UCRzypVq0B_yBad5eGrwBx0Q?sub_confirmation=1\" target=\"_blank\" rel=\"noopener noreferrer\">cha\u00eene YouTube<\/a> . <a href=\"https:\/\/www.youtube.com\/channel\/UCRzypVq0B_yBad5eGrwBx0Q?sub_confirmation=1\" target=\"_blank\" rel=\"noopener noreferrer\">Abonnez-vous!<\/a><\/p>\n<div class=\"mvp-org-wrap mvp-org-logo\" itemprop=\"publisher\" itemscope=\"\" itemtype=\"https:\/\/schema.org\/Organization\"><img decoding=\"async\" src=\"https:\/\/www.tunisienumerique.com\/wp-content\/uploads\/2017\/02\/logo_tunisie_numerique.png\"\/><\/div>\n<div class=\"mvp-related-posts left relative\">\n<h4 class=\"post-header\"><span class=\"post-header\">Lire aussi<\/span><\/h4>\n<\/div>\n<\/div>\n<p>Auteur: Mohamed Ben Abderrazek<br \/>\n<a href=\"https:\/\/www.tunisienumerique.com\/abandon-scolaire-et-manque-de-qualification-en-tete-20-des-jeunes-tunisiens-sont-inemployables\/\">Cliquez ici pour lire l&rsquo;article depuis sa source.<\/a><\/p>\n","protected":false},"excerpt":{"rendered":"<p>L\u2019inactivit\u00e9 des jeunes est un probl\u00e8me majeur en Tunisie. Les juniors qui ne sont ni employ\u00e9s, ni scolaris\u00e9s ni\u00a0en train de suivre\u00a0une formation repr\u00e9sentent un pourcentage important de la main-d\u2019\u0153uvre potentielle du pays. Il est \u00e0 pr\u00e9ciser qu\u2019il est consid\u00e9r\u00e9 comme jeune en Tunisie, toute personne \u00e2g\u00e9e de 18 \u00e0 29 ans. Cette vision est [&hellip;]<\/p>\n","protected":false},"author":1789,"featured_media":75742,"comment_status":"closed","ping_status":"closed","sticky":false,"template":"","format":"standard","meta":{"fifu_image_url":"","fifu_image_alt":"","footnotes":""},"categories":[73,55],"tags":[],"class_list":["post-75741","post","type-post","status-publish","format-standard","has-post-thumbnail","hentry","category-actualite","category-tunisie"],"_links":{"self":[{"href":"https:\/\/linitiative.ca\/International\/wp-json\/wp\/v2\/posts\/75741","targetHints":{"allow":["GET"]}}],"collection":[{"href":"https:\/\/linitiative.ca\/International\/wp-json\/wp\/v2\/posts"}],"about":[{"href":"https:\/\/linitiative.ca\/International\/wp-json\/wp\/v2\/types\/post"}],"author":[{"embeddable":true,"href":"https:\/\/linitiative.ca\/International\/wp-json\/wp\/v2\/users\/1789"}],"replies":[{"embeddable":true,"href":"https:\/\/linitiative.ca\/International\/wp-json\/wp\/v2\/comments?post=75741"}],"version-history":[{"count":0,"href":"https:\/\/linitiative.ca\/International\/wp-json\/wp\/v2\/posts\/75741\/revisions"}],"wp:featuredmedia":[{"embeddable":true,"href":"https:\/\/linitiative.ca\/International\/wp-json\/"}],"wp:attachment":[{"href":"https:\/\/linitiative.ca\/International\/wp-json\/wp\/v2\/media?parent=75741"}],"wp:term":[{"taxonomy":"category","embeddable":true,"href":"https:\/\/linitiative.ca\/International\/wp-json\/wp\/v2\/categories?post=75741"},{"taxonomy":"post_tag","embeddable":true,"href":"https:\/\/linitiative.ca\/International\/wp-json\/wp\/v2\/tags?post=75741"}],"curies":[{"name":"wp","href":"https:\/\/api.w.org\/{rel}","templated":true}]}}