{"id":75747,"date":"2020-02-10T16:30:26","date_gmt":"2020-02-10T21:30:26","guid":{"rendered":"https:\/\/linitiative.ca\/International\/tunisie-medenine-renversement-de-lambulance-de-lhopital-de-sidi-makhlouf-et-disparition-de-son-conducteur\/"},"modified":"2020-02-10T16:30:26","modified_gmt":"2020-02-10T21:30:26","slug":"tunisie-medenine-renversement-de-lambulance-de-lhopital-de-sidi-makhlouf-et-disparition-de-son-conducteur","status":"publish","type":"post","link":"https:\/\/linitiative.ca\/International\/tunisie-medenine-renversement-de-lambulance-de-lhopital-de-sidi-makhlouf-et-disparition-de-son-conducteur\/","title":{"rendered":"Tunisie \u2013 M\u00e9denine : Renversement de l\u2019ambulance de l\u2019h\u00f4pital de Sidi Makhlouf et disparition de son conducteur"},"content":{"rendered":"<div class=\"post-cont-in left relative\">\n<p>Les agents de la garde nationale se sont rendus, au niveau de la route El Bedoui, pr\u00e8s de Sidi Makhlouf apr\u00e8s qu\u2019ils aient \u00e9t\u00e9 avertis d\u2019un accident de la route impliquant l\u2019ambulance de l\u2019h\u00f4pital local de Sidi Makhlouf.<\/p>\n<div class=\"code-block code-block-1 c3\"><ins class=\"adsbygoogle c2\" data-ad-layout=\"in-article\" data-ad-format=\"fluid\" data-ad-client=\"ca-pub-2102118777505746\" data-ad-slot=\"7301775417\"\/> <\/div>\n<p>Arriv\u00e9s sur place, les agents ont d\u00e9couvert le v\u00e9hicule renvers\u00e9 sur le bord de la route,\u00a0mais\u00a0n\u2019ont pas retrouv\u00e9 son conducteur qui a disparu du lieu de l\u2019accident.<\/p>\n<p>De son c\u00f4t\u00e9, le directeur de l\u2019h\u00f4pital de Sidi Makhlouf a d\u00e9clar\u00e9 que le chauffeur est sorti avec le v\u00e9hicule sans en avoir averti la direction.<\/p>\n<p>Une enqu\u00eate a \u00e9t\u00e9 ouverte afin de retrouver l\u2019ambulancier disparu et conna\u00eetre les circonstances de l\u2019accident.<\/p>\n<div class=\"swp_social_panel swp_horizontal_panel swp_flat_fresh swp_default_full_color swp_individual_full_color swp_other_full_color scale-100 scale-\" data-min-width=\"1100\" data-float-color=\"#ffffff\" data-float=\"bottom\" data-float-mobile=\"bottom\" data-transition=\"slide\">\n<div class=\"nc_tweetContainer swp_share_button total_shares total_sharesalt\"><span class=\"swp_count\">17 <span class=\"swp_label\">Partages<\/span><\/span><\/div>\n<\/div>\n<p><strong>Que se passe-t-il en Tunisie?<\/strong><br \/>Nous expliquons sur notre <a href=\"https:\/\/www.youtube.com\/channel\/UCRzypVq0B_yBad5eGrwBx0Q?sub_confirmation=1\" target=\"_blank\" rel=\"noopener noreferrer\">cha\u00eene YouTube<\/a> . <a href=\"https:\/\/www.youtube.com\/channel\/UCRzypVq0B_yBad5eGrwBx0Q?sub_confirmation=1\" target=\"_blank\" rel=\"noopener noreferrer\">Abonnez-vous!<\/a><\/p>\n<div class=\"mvp-org-wrap mvp-org-logo\" itemprop=\"publisher\" itemscope=\"\" itemtype=\"https:\/\/schema.org\/Organization\"><img decoding=\"async\" src=\"https:\/\/www.tunisienumerique.com\/wp-content\/uploads\/2017\/02\/logo_tunisie_numerique.png\"\/><\/div>\n<div class=\"mvp-related-posts left relative\">\n<h4 class=\"post-header\"><span class=\"post-header\">Lire aussi<\/span><\/h4>\n<\/div>\n<\/div>\n<p>Auteur: LM<br \/>\n<a href=\"https:\/\/www.tunisienumerique.com\/tunisie-medenine-renversement-de-lambulance-de-lhopital-de-sidi-makhlouf-et-disparition-de-son-conducteur\/\">Cliquez ici pour lire l&rsquo;article depuis sa source.<\/a><\/p>\n","protected":false},"excerpt":{"rendered":"<p>Les agents de la garde nationale se sont rendus, au niveau de la route El Bedoui, pr\u00e8s de Sidi Makhlouf apr\u00e8s qu\u2019ils aient \u00e9t\u00e9 avertis d\u2019un accident de la route impliquant l\u2019ambulance de l\u2019h\u00f4pital local de Sidi Makhlouf. Arriv\u00e9s sur place, les agents ont d\u00e9couvert le v\u00e9hicule renvers\u00e9 sur le bord de la route,\u00a0mais\u00a0n\u2019ont pas [&hellip;]<\/p>\n","protected":false},"author":1789,"featured_media":75748,"comment_status":"closed","ping_status":"closed","sticky":false,"template":"","format":"standard","meta":{"fifu_image_url":"","fifu_image_alt":"","footnotes":""},"categories":[73,55],"tags":[],"class_list":["post-75747","post","type-post","status-publish","format-standard","has-post-thumbnail","hentry","category-actualite","category-tunisie"],"_links":{"self":[{"href":"https:\/\/linitiative.ca\/International\/wp-json\/wp\/v2\/posts\/75747","targetHints":{"allow":["GET"]}}],"collection":[{"href":"https:\/\/linitiative.ca\/International\/wp-json\/wp\/v2\/posts"}],"about":[{"href":"https:\/\/linitiative.ca\/International\/wp-json\/wp\/v2\/types\/post"}],"author":[{"embeddable":true,"href":"https:\/\/linitiative.ca\/International\/wp-json\/wp\/v2\/users\/1789"}],"replies":[{"embeddable":true,"href":"https:\/\/linitiative.ca\/International\/wp-json\/wp\/v2\/comments?post=75747"}],"version-history":[{"count":0,"href":"https:\/\/linitiative.ca\/International\/wp-json\/wp\/v2\/posts\/75747\/revisions"}],"wp:featuredmedia":[{"embeddable":true,"href":"https:\/\/linitiative.ca\/International\/wp-json\/"}],"wp:attachment":[{"href":"https:\/\/linitiative.ca\/International\/wp-json\/wp\/v2\/media?parent=75747"}],"wp:term":[{"taxonomy":"category","embeddable":true,"href":"https:\/\/linitiative.ca\/International\/wp-json\/wp\/v2\/categories?post=75747"},{"taxonomy":"post_tag","embeddable":true,"href":"https:\/\/linitiative.ca\/International\/wp-json\/wp\/v2\/tags?post=75747"}],"curies":[{"name":"wp","href":"https:\/\/api.w.org\/{rel}","templated":true}]}}