{"id":75749,"date":"2020-02-10T16:39:33","date_gmt":"2020-02-10T21:39:33","guid":{"rendered":"https:\/\/linitiative.ca\/International\/160-tunisiens-laisses-en-rade-par-la-tunisair-a-alger\/"},"modified":"2020-02-10T16:39:33","modified_gmt":"2020-02-10T21:39:33","slug":"160-tunisiens-laisses-en-rade-par-la-tunisair-a-alger","status":"publish","type":"post","link":"https:\/\/linitiative.ca\/International\/160-tunisiens-laisses-en-rade-par-la-tunisair-a-alger\/","title":{"rendered":"160 tunisiens laiss\u00e9s en rade par la Tunisair \u00e0 Alger"},"content":{"rendered":"<div class=\"post-cont-in left relative\">\n<p>Es citoyens ont annonc\u00e9 qu\u2019ils sont bloqu\u00e9s \u00e0 l\u2019a\u00e9roport Houari Boumediene, depuis le d\u00e9but de l\u2019apr\u00e8s midi. Ils sont, au total, 160 passagers, dont l\u2019\u00e9quipe nationale de lutte qui avait particip\u00e9 \u00e0 Alger au championnat africain. Ils attendent l\u2019avion de la <a href=\"https:\/\/www.tunisienumerique.com\/tunisie-actualite\/Tunisair\/\" title=\"Tunisair\" target=\"_top\" class=\"auto-link\" rel=\"noopener noreferrer\">Tunisair<\/a> qui devait d\u00e9coller d\u2019Alger \u00e0 16H00, et qui n\u2019est jusqu\u2019\u00e0 maintenant, pas arriv\u00e9 de Tunis.<\/p>\n<div class=\"code-block code-block-1 c3\"><ins class=\"adsbygoogle c2\" data-ad-layout=\"in-article\" data-ad-format=\"fluid\" data-ad-client=\"ca-pub-2102118777505746\" data-ad-slot=\"7301775417\"\/> <\/div>\n<div class=\"swp_social_panel swp_horizontal_panel swp_flat_fresh swp_default_full_color swp_individual_full_color swp_other_full_color scale-100 scale-\" data-min-width=\"1100\" data-float-color=\"#ffffff\" data-float=\"bottom\" data-float-mobile=\"bottom\" data-transition=\"slide\">\n<div class=\"nc_tweetContainer swp_share_button total_shares total_sharesalt\"><span class=\"swp_count\">66 <span class=\"swp_label\">Partages<\/span><\/span><\/div>\n<\/div>\n<p><strong>Que se passe-t-il en Tunisie?<\/strong><br \/>Nous expliquons sur notre <a href=\"https:\/\/www.youtube.com\/channel\/UCRzypVq0B_yBad5eGrwBx0Q?sub_confirmation=1\" target=\"_blank\" rel=\"noopener noreferrer\">cha\u00eene YouTube<\/a> . <a href=\"https:\/\/www.youtube.com\/channel\/UCRzypVq0B_yBad5eGrwBx0Q?sub_confirmation=1\" target=\"_blank\" rel=\"noopener noreferrer\">Abonnez-vous!<\/a><\/p>\n<div class=\"mvp-org-wrap mvp-org-logo\" itemprop=\"publisher\" itemscope=\"\" itemtype=\"https:\/\/schema.org\/Organization\"><img decoding=\"async\" src=\"https:\/\/www.tunisienumerique.com\/wp-content\/uploads\/2017\/02\/logo_tunisie_numerique.png\"\/><\/div>\n<div class=\"mvp-related-posts left relative\">\n<h4 class=\"post-header\"><span class=\"post-header\">Lire aussi<\/span><\/h4>\n<\/div>\n<\/div>\n<p>Auteur: LM<br \/>\n<a href=\"https:\/\/www.tunisienumerique.com\/160-tunisiens-laisses-en-rade-par-la-tunisair-a-alger\/\">Cliquez ici pour lire l&rsquo;article depuis sa source.<\/a><\/p>\n","protected":false},"excerpt":{"rendered":"<p>Es citoyens ont annonc\u00e9 qu\u2019ils sont bloqu\u00e9s \u00e0 l\u2019a\u00e9roport Houari Boumediene, depuis le d\u00e9but de l\u2019apr\u00e8s midi. Ils sont, au total, 160 passagers, dont l\u2019\u00e9quipe nationale de lutte qui avait particip\u00e9 \u00e0 Alger au championnat africain. Ils attendent l\u2019avion de la Tunisair qui devait d\u00e9coller d\u2019Alger \u00e0 16H00, et qui n\u2019est jusqu\u2019\u00e0 maintenant, pas arriv\u00e9 [&hellip;]<\/p>\n","protected":false},"author":1789,"featured_media":75750,"comment_status":"closed","ping_status":"closed","sticky":false,"template":"","format":"standard","meta":{"fifu_image_url":"","fifu_image_alt":"","footnotes":""},"categories":[73,55],"tags":[],"class_list":["post-75749","post","type-post","status-publish","format-standard","has-post-thumbnail","hentry","category-actualite","category-tunisie"],"_links":{"self":[{"href":"https:\/\/linitiative.ca\/International\/wp-json\/wp\/v2\/posts\/75749","targetHints":{"allow":["GET"]}}],"collection":[{"href":"https:\/\/linitiative.ca\/International\/wp-json\/wp\/v2\/posts"}],"about":[{"href":"https:\/\/linitiative.ca\/International\/wp-json\/wp\/v2\/types\/post"}],"author":[{"embeddable":true,"href":"https:\/\/linitiative.ca\/International\/wp-json\/wp\/v2\/users\/1789"}],"replies":[{"embeddable":true,"href":"https:\/\/linitiative.ca\/International\/wp-json\/wp\/v2\/comments?post=75749"}],"version-history":[{"count":0,"href":"https:\/\/linitiative.ca\/International\/wp-json\/wp\/v2\/posts\/75749\/revisions"}],"wp:featuredmedia":[{"embeddable":true,"href":"https:\/\/linitiative.ca\/International\/wp-json\/"}],"wp:attachment":[{"href":"https:\/\/linitiative.ca\/International\/wp-json\/wp\/v2\/media?parent=75749"}],"wp:term":[{"taxonomy":"category","embeddable":true,"href":"https:\/\/linitiative.ca\/International\/wp-json\/wp\/v2\/categories?post=75749"},{"taxonomy":"post_tag","embeddable":true,"href":"https:\/\/linitiative.ca\/International\/wp-json\/wp\/v2\/tags?post=75749"}],"curies":[{"name":"wp","href":"https:\/\/api.w.org\/{rel}","templated":true}]}}