{"id":75751,"date":"2020-02-10T15:39:36","date_gmt":"2020-02-10T20:39:36","guid":{"rendered":"https:\/\/linitiative.ca\/International\/reglement-du-litige-electoral-en-guinee-bissau\/"},"modified":"2020-02-10T15:39:36","modified_gmt":"2020-02-10T20:39:36","slug":"reglement-du-litige-electoral-en-guinee-bissau","status":"publish","type":"post","link":"https:\/\/linitiative.ca\/International\/reglement-du-litige-electoral-en-guinee-bissau\/","title":{"rendered":"REGLEMENT DU LITIGE ELECTORAL EN GUINEE- BISSAU"},"content":{"rendered":"<div class=\"stream-item stream-item-above-post-content\">\n<p><noscript><\/p>\n<p><a href=\"\/\/www3.smartadserver.com\/ac?jump=1&#038;nwid=2136&#038;siteid=240610&#038;pgname=rg&#038;fmtid=49046&#038;visit=m&#038;tmstp=[timestamp]&#038;out=nonrich\" target=\"_blank\" rel=\"noopener noreferrer\"><img decoding=\"async\" src=\"\/\/www3.smartadserver.com\/ac?out=nonrich&#038;nwid=2136&#038;siteid=240610&#038;pgname=rg&#038;fmtid=49046&#038;visit=m&#038;tmstp=[timestamp]\" border=\"0\" alt=\"\"\/><\/a><\/p>\n<p><\/noscript><\/div>\n<p class=\"c3\"><em>Six jours, c\u2019est le d\u00e9lai donn\u00e9 par la Communaut\u00e9 \u00e9conomique des Etats d\u2019Afrique de l\u2019Ouest (CEDEAO) \u00e0 la Cour supr\u00eame bissau-guin\u00e9enne, pour trancher d\u00e9finitivement le litige \u00e9lectoral qui oppose le vainqueur du scrutin du 29 d\u00e9cembre, Umaro Sissoco Embalo et le candidat malheureux, Domingos Sim\u00f5es Pereira (DSP). Sous d\u2019autres cieux, on se serait offusqu\u00e9 d\u2019une telle demande qui s\u2019apparente \u00e0 un ultimatum donn\u00e9 \u00e0 une institution judiciaire cens\u00e9e \u00eatre ind\u00e9pendante. Mais dans un pays dont l\u2019histoire est \u00e9crite en lettres de sang, l\u2019on ne saurait en vouloir \u00e0 la CEDEAO de vouloir jouer les gendarmes. Ce d\u2019autant plus que le candidat du PAIGC donne l\u2019impression de jouer les mauvais perdants. En effet, bien que les proc\u00e8s-verbaux r\u00e9gionaux aient \u00e9t\u00e9 v\u00e9rifi\u00e9s selon les injonctions de la Cour supr\u00eame et que la victoire de Embalo ait \u00e9t\u00e9 \u00e0 nouveau confirm\u00e9e, DSP continue de ruer dans les brancards. En effet, pas plus tard que la semaine derni\u00e8re, il a introduit un nouveau recours aupr\u00e8s de la Cour supr\u00eame, lui demandant d\u2019annuler les \u00e9lections du 29 d\u00e9cembre dernier. C\u2019est dire si la Guin\u00e9e-Bissau n\u2019est pas \u00e0 l\u2019abri d\u2019une nouvelle crise. C\u2019est pourquoi l\u2019action de la CEDEAO qui soutient ce petit pays aux gros probl\u00e8mes, est plut\u00f4t \u00e0 encourager qu\u2019\u00e0 condamner. Car, comme nous l\u2019enseigne l\u2019adage, \u00ab\u00a0mieux vaut pr\u00e9venir que gu\u00e9rir\u00a0\u00bb. Et ce n\u2019est secret pour personne que la Guin\u00e9e- Bissau n\u2019est pas un pays stable. Il suffit d\u2019une petite \u00e9tincelle pour que se produise une grosse d\u00e9flagration. Cela dit, la CEDEAO sera-t-elle entendue par la Cour supr\u00eame\u00a0? On attend de voir.<\/em><\/p>\n<p class=\"c3\"><strong>Embalo et Pereira devraient privil\u00e9gier l\u2019int\u00e9r\u00eat sup\u00e9rieur de la Nation<\/strong><\/p>\n<p class=\"c3\"><em>En tout cas, il n\u2019y a pas de raison de douter de la capacit\u00e9 de la Cour supr\u00eame bissau-guin\u00e9enne, \u00e0 rendre son verdict dans un bref d\u00e9lai d\u2019autant plus qu\u2019elle s\u2019est, jusque-l\u00e0, montr\u00e9e ind\u00e9pendante \u00e0 travers sa derni\u00e8re d\u00e9cision portant sur la v\u00e9rification des proc\u00e8s-verbaux r\u00e9gionaux. Une d\u00e9cision qui aura, du reste, \u00e9tonn\u00e9 plus d\u2019un observateur de la sc\u00e8ne politique bissau-guin\u00e9enne. Et il faut souhaiter qu\u2019elle reste jalouse de son ind\u00e9pendance jusqu\u2019au bout car, de sa d\u00e9cision, d\u00e9pendra la paix en Guin\u00e9e-Bissau. Elle n\u2019a pas droit \u00e0 l\u2019erreur. Car, cette pr\u00e9sidentielle est cens\u00e9e asseoir les bases d\u2019un Etat de droit en Guin\u00e9e-Bissau et ce serait donc un g\u00e2chis que les vieux d\u00e9mons se r\u00e9veillent. Cela dit, au-del\u00e0 de la Cour supr\u00eame, tous les acteurs politiques bissau-guin\u00e9ens sont interpell\u00e9s \u00e0 jouer leur partition. Ce faisant, la CEDEAO qui semble avoir fait la moiti\u00e9 du chemin, doit continuer \u00e0 peser de tout son poids pour \u00e9viter que ce pays que d\u2019aucuns n\u2019h\u00e9sitent pas \u00e0 qualifier de narco-Etat, ne bascule dans la violence. En tout cas, tout le mal que l\u2019on peut souhaiter \u00e0 la Guin\u00e9e- Bissau qui semble danser sur un volcan, c\u2019est de r\u00e9ussir cette transition d\u00e9mocratique dans la douceur. Et pour ce faire, les deux hommes, Embalo et Pereira, devraient privil\u00e9gier l\u2019int\u00e9r\u00eat sup\u00e9rieur de la Nation. Ce d\u2019autant plus qu\u2019ils seront oblig\u00e9s de partager le pouvoir en cas de confirmation de la victoire de Embalo, puisque le PAIGC qui a la majorit\u00e9 parlementaire, sera, pour sa part, appel\u00e9 \u00e0 d\u00e9signer le Premier ministre du futur gouvernement bissau-guin\u00e9en.<\/em><\/p>\n<p class=\"c3\"><em><strong>Dabadi ZOUMBARA<\/strong><\/em><\/p>\n<p>Auteur: Le Pays<br \/>\n<a href=\"http:\/\/lepays.bf\/reglement-du-litige-electoral-en-guinee-bissau\/\">Cliquez ici pour lire l&rsquo;article depuis sa source.<\/a><\/p>\n","protected":false},"excerpt":{"rendered":"<p>Six jours, c\u2019est le d\u00e9lai donn\u00e9 par la Communaut\u00e9 \u00e9conomique des Etats d\u2019Afrique de l\u2019Ouest (CEDEAO) \u00e0 la Cour supr\u00eame bissau-guin\u00e9enne, pour trancher d\u00e9finitivement le litige \u00e9lectoral qui oppose le vainqueur du scrutin du 29 d\u00e9cembre, Umaro Sissoco Embalo et le candidat malheureux, Domingos Sim\u00f5es Pereira (DSP). Sous d\u2019autres cieux, on se serait offusqu\u00e9 d\u2019une [&hellip;]<\/p>\n","protected":false},"author":1813,"featured_media":0,"comment_status":"closed","ping_status":"closed","sticky":false,"template":"","format":"standard","meta":{"fifu_image_url":"","fifu_image_alt":"","footnotes":""},"categories":[73,81],"tags":[],"class_list":["post-75751","post","type-post","status-publish","format-standard","hentry","category-actualite","category-burkina-faso"],"_links":{"self":[{"href":"https:\/\/linitiative.ca\/International\/wp-json\/wp\/v2\/posts\/75751","targetHints":{"allow":["GET"]}}],"collection":[{"href":"https:\/\/linitiative.ca\/International\/wp-json\/wp\/v2\/posts"}],"about":[{"href":"https:\/\/linitiative.ca\/International\/wp-json\/wp\/v2\/types\/post"}],"author":[{"embeddable":true,"href":"https:\/\/linitiative.ca\/International\/wp-json\/wp\/v2\/users\/1813"}],"replies":[{"embeddable":true,"href":"https:\/\/linitiative.ca\/International\/wp-json\/wp\/v2\/comments?post=75751"}],"version-history":[{"count":0,"href":"https:\/\/linitiative.ca\/International\/wp-json\/wp\/v2\/posts\/75751\/revisions"}],"wp:attachment":[{"href":"https:\/\/linitiative.ca\/International\/wp-json\/wp\/v2\/media?parent=75751"}],"wp:term":[{"taxonomy":"category","embeddable":true,"href":"https:\/\/linitiative.ca\/International\/wp-json\/wp\/v2\/categories?post=75751"},{"taxonomy":"post_tag","embeddable":true,"href":"https:\/\/linitiative.ca\/International\/wp-json\/wp\/v2\/tags?post=75751"}],"curies":[{"name":"wp","href":"https:\/\/api.w.org\/{rel}","templated":true}]}}