{"id":75752,"date":"2020-02-09T17:52:34","date_gmt":"2020-02-09T22:52:34","guid":{"rendered":"https:\/\/linitiative.ca\/International\/elections-de-2020-le-mpp-adopte-sa-strategie-electorale\/"},"modified":"2020-02-09T17:52:34","modified_gmt":"2020-02-09T22:52:34","slug":"elections-de-2020-le-mpp-adopte-sa-strategie-electorale","status":"publish","type":"post","link":"https:\/\/linitiative.ca\/International\/elections-de-2020-le-mpp-adopte-sa-strategie-electorale\/","title":{"rendered":"Elections de 2020: le MPP adopte sa strat\u00e9gie \u00e9lectorale"},"content":{"rendered":"<div class=\"td-post-featured-image\"><a href=\"https:\/\/i2.wp.com\/www.sidwaya.info\/wp-content\/uploads\/2020\/02\/mppsid10.gif?fit=787%2C525&#038;ssl=1\" data-caption=\"\"><img loading=\"lazy\" decoding=\"async\" width=\"696\" height=\"464\" class=\"entry-thumb td-modal-image\" src=\"https:\/\/i2.wp.com\/www.sidwaya.info\/wp-content\/uploads\/2020\/02\/mppsid10.gif?resize=696%2C464&#038;ssl=1\" alt=\"\" title=\"mppsid10\"\/><\/a><\/div>\n<p><strong>Le Mouvement du peuple pour le progr\u00e8s (MPP) a tenu, le samedi 8 f\u00e9vrier 2020 \u00e0 Ouagadougou, une session de son bureau politique national. Venus des 45 provinces du Burkina Faso, la rencontre a port\u00e9 sur la strat\u00e9gie pour une victoire aux \u00e9lections de novembre 2020.<\/strong><\/p>\n<p>Le parti au pouvoir, le Mouvement du peuple pour le progr\u00e8s (MPP), dispose d\u00e9sormais d\u2019une strat\u00e9gie \u00e9lectorale pour les \u00e9lections pr\u00e9sidentielle et l\u00e9gislatives du 22 novembre 2020. C\u2019est ce qu\u2019a laiss\u00e9 entendre le pr\u00e9sident par int\u00e9rim du MPP, Simon Compaor\u00e9, \u00e0 l\u2019issue d\u2019une session du Bureau politique national (BPN), tenue le samedi 8 f\u00e9vrier 2020 \u00e0 Ouagadougou. \u00ab Nous avons eu le quitus. La strat\u00e9gie vient d\u2019\u00eatre adopt\u00e9e. D\u00e9sormais, nous savons ce qu\u2019il faut faire, o\u00f9 et \u00e0 quel moment le faire \u00bb, s\u2019est-il content\u00e9 de dire aux journalistes. Selon M. Compaor\u00e9, la rencontre a regroup\u00e9 plus d\u2019un millier de personnes venues des 45 provinces du Burkina Faso, avec \u00e0 l\u2019ordre du jour, un seul point : r\u00e9fl\u00e9chir \u00e0 la strat\u00e9gie \u00e9lectorale \u00e0 mettre en \u0153uvre pour assurer une victoire au parti lors des prochaines \u00e9lections. La rencontre, a-t-il poursuivi, a permis aux membres du BPN, de faire le bilan des \u00e9lections de 2015, d\u2019analyser le contexte des scrutins \u00e0 venir et de d\u00e9finir la feuille de route devant permettre au MPP de remobiliser ses troupes sur le terrain. \u00ab Nous avons aussi d\u00e9cid\u00e9 de la tenue d\u2019un congr\u00e8s, les 6 et 7 mars 2020, puisque le mandat du bureau actuel expire le 12 mars 2020. Ce congr\u00e8s sera l\u2019occasion pour le parti de faire des r\u00e9ajustements au sein des instances dirigeantes car, nous avons enregistr\u00e9 des d\u00e9c\u00e8s et certains de nos camarades du BPN ont \u00e9t\u00e9 appel\u00e9s \u00e0 d\u2019autres responsabilit\u00e9s \u00bb, a fait savoir le pr\u00e9sident par int\u00e9rim du MPP. A \u00e9couter M. Compaor\u00e9, la nouvelle strat\u00e9gie sera pr\u00e9sent\u00e9e aux congressistes et \u00e0 l\u2019ensemble des militants afin qu\u2019ils affutent leurs armes chacun \u00e0 son niveau. Il est \u00e9galement pr\u00e9vu un congr\u00e8s extraordinaire pour la d\u00e9signation et l\u2019investiture du candidat du parti pour la pr\u00e9sidentielle. Hormis cela, d\u2019autres d\u00e9cisions importantes ont \u00e9t\u00e9 prises, a en croire celui qui est, par ailleurs, le maire honoraire de Ouagadougou, mais pas question de les d\u00e9voiler pour des raisons propres au parti.<br \/>La question s\u00e9curitaire n\u2019a pas \u00e9t\u00e9 occult\u00e9e dans les d\u00e9bats \u00e0 cette r\u00e9union politique. \u00ab Nous avons demand\u00e9 aux militants de se mobiliser pour r\u00e9pondre favorablement \u00e0 l\u2019appel du pr\u00e9sident du Faso pour le recrutement de volontaires, en vue de d\u00e9fendre la patrie et dont l\u2019op\u00e9rationnalisation est en cours avec l\u2019adoption des d\u00e9crets pris en Conseil des ministres la semaine derni\u00e8re \u00bb, a soutenu Simon Compaor\u00e9 \u00e0 la presse. Sur la question du vote des d\u00e9plac\u00e9s internes, la position du MPP est sans \u00e9quivoque, selon son pr\u00e9sident par int\u00e9rim: \u00ab Nous souhaitons que la situation s\u2019am\u00e9liore afin que ces populations retournent dans leurs zones d\u2019origine. Mais si, \u00e0 la date du scrutin cela n\u2019est pas effectif, que la CENI prenne les dispositions pour leur permettre de s\u2019acquitter de leur devoir comme tous les autres Burkinab\u00e8 \u00bb. Pour ce faire, le MPP compte engager des discussions avec les partis politiques de l\u2019opposition pour accorder les violons. Le BPN du MPP a mis \u00e0 profit cette session pour faire le bilan des conf\u00e9rences initi\u00e9es r\u00e9cemment dans les provinces pour rendre compte des actions du parti, depuis le congr\u00e8s ordinaire de mars 2017 et discuter des perspectives pour 2020. Ces tourn\u00e9es qui ont permis de visiter 42 provinces sur les 45 que compte le pays ont permis, selon Simon Compaor\u00e9, de sensibiliser les militants \u00e0 la n\u00e9cessit\u00e9 de cultiver l\u2019esprit de paix, de coh\u00e9sion et de solidarit\u00e9 entre citoyens dans un contexte de menaces terroristes.<\/p>\n<p>Beyon Romain NEBIE<\/p>\n<p>\u2026\u2026\u2026\u2026\u2026\u2026\u2026\u2026\u2026\u2026\u2026\u2026\u2026\u2026\u2026\u2026\u2026\u2026\u2026\u2026\u2026\u2026\u2026\u2026\u2026\u2026\u2026\u2026\u2026\u2026\u2026\u2026\u2026\u2026\u2026\u2026\u2026\u2026\u2026\u2026\u2026\u2026.<\/p>\n<p>Bala Sakand\u00e9 met fin aux rumeurs !<\/p>\n<p>N\u2019en pouvant plus faire face aux rumeurs qui couraient sur sa pr\u00e9tendue d\u00e9mission du MPP, le pr\u00e9sident de l\u2019Assembl\u00e9e nationale, Alassane Bala Sakand\u00e9, a saisi l\u2019occasion de la rencontre du BPN pour apporter un d\u00e9menti. \u00ab Au regard de la persistance de la rumeur malveillante et savamment entretenue par des officines politiques et leurs complices de tous genres, j\u2019ai d\u00e9cid\u00e9 de briser le silence devant vous, camarades du BPN et \u00e0 l\u2019intention de tous ceux qui m\u2019ont toujours accord\u00e9 leur confiance pour r\u00e9it\u00e9rer mon attachement aux id\u00e9aux de mon parti, le MPP \u00bb, a-t-il d\u00e9clar\u00e9. Bala Sakand\u00e9 a ajout\u00e9 : \u00ab s\u2019il y a une chose que je ne marchande pas, ce sont mes convictions politiques \u00bb.<\/p>\n<p>BRN<\/p>\n<div class=\"td-a-rec td-a-rec-id-content_bottom tdi_30_1c5 td_block_template_1\"><img loading=\"lazy\" decoding=\"async\" class=\"aligncenter size-full wp-image-9623\" src=\"https:\/\/www.sidwaya.info\/wp-content\/uploads\/2019\/06\/Projet-bannie%CC%80re-Orange-mobile.jpg\" alt=\"\" width=\"728\" height=\"81\"\/><\/div>\n<p>Auteur: BM. Sidwaya<br \/>\n<a href=\"https:\/\/www.sidwaya.info\/blog\/2020\/02\/09\/elections-de-2020-le-mpp-adopte-sa-strategie-electorale\/\">Cliquez ici pour lire l&rsquo;article depuis sa source.<\/a><\/p>\n","protected":false},"excerpt":{"rendered":"<p>Le Mouvement du peuple pour le progr\u00e8s (MPP) a tenu, le samedi 8 f\u00e9vrier 2020 \u00e0 Ouagadougou, une session de son bureau politique national. Venus des 45 provinces du Burkina Faso, la rencontre a port\u00e9 sur la strat\u00e9gie pour une victoire aux \u00e9lections de novembre 2020. Le parti au pouvoir, le Mouvement du peuple pour [&hellip;]<\/p>\n","protected":false},"author":1816,"featured_media":0,"comment_status":"closed","ping_status":"closed","sticky":false,"template":"","format":"standard","meta":{"fifu_image_url":"","fifu_image_alt":"","footnotes":""},"categories":[73,81],"tags":[],"class_list":["post-75752","post","type-post","status-publish","format-standard","hentry","category-actualite","category-burkina-faso"],"_links":{"self":[{"href":"https:\/\/linitiative.ca\/International\/wp-json\/wp\/v2\/posts\/75752","targetHints":{"allow":["GET"]}}],"collection":[{"href":"https:\/\/linitiative.ca\/International\/wp-json\/wp\/v2\/posts"}],"about":[{"href":"https:\/\/linitiative.ca\/International\/wp-json\/wp\/v2\/types\/post"}],"author":[{"embeddable":true,"href":"https:\/\/linitiative.ca\/International\/wp-json\/wp\/v2\/users\/1816"}],"replies":[{"embeddable":true,"href":"https:\/\/linitiative.ca\/International\/wp-json\/wp\/v2\/comments?post=75752"}],"version-history":[{"count":0,"href":"https:\/\/linitiative.ca\/International\/wp-json\/wp\/v2\/posts\/75752\/revisions"}],"wp:attachment":[{"href":"https:\/\/linitiative.ca\/International\/wp-json\/wp\/v2\/media?parent=75752"}],"wp:term":[{"taxonomy":"category","embeddable":true,"href":"https:\/\/linitiative.ca\/International\/wp-json\/wp\/v2\/categories?post=75752"},{"taxonomy":"post_tag","embeddable":true,"href":"https:\/\/linitiative.ca\/International\/wp-json\/wp\/v2\/tags?post=75752"}],"curies":[{"name":"wp","href":"https:\/\/api.w.org\/{rel}","templated":true}]}}