{"id":75758,"date":"2020-02-10T15:33:54","date_gmt":"2020-02-10T20:33:54","guid":{"rendered":"https:\/\/linitiative.ca\/International\/fete-de-la-jeunesse-paul-biya-felicite-les-sportifs-evite-le-sujet-du-chan\/"},"modified":"2020-02-10T15:33:54","modified_gmt":"2020-02-10T20:33:54","slug":"fete-de-la-jeunesse-paul-biya-felicite-les-sportifs-evite-le-sujet-du-chan","status":"publish","type":"post","link":"https:\/\/linitiative.ca\/International\/fete-de-la-jeunesse-paul-biya-felicite-les-sportifs-evite-le-sujet-du-chan\/","title":{"rendered":"F\u00eate de la Jeunesse : Paul Biya f\u00e9licite les sportifs, \u00e9vite le sujet du CHAN"},"content":{"rendered":"<div readability=\"32\">\n<p>Publi\u00e9 le 10.02.2020 \u00e0 21h33 par Christian Djimadeu<\/p>\n<\/div>\n<div readability=\"58\">\n<h2 class=\"c3\">Dans son traditionnel discours \u00e0 la jeunesse le 10 f\u00e9vrier, le Pr\u00e9sident de la R\u00e9publique \u00a0salue les performances des s\u00e9lections nationales de foot et de volleyball, et ne juge pas n\u00e9cessaire d\u2019\u00e9voquer \u00a0le Championnat d\u2019Afrique des nations que le pays accueille \u00a0en avril prochain.<\/h2>\n<p class=\"c4\">Cela faisait bien longtemps que le chef de l\u2019Etat n\u2019avait plus cit\u00e9 en exemple les performances des sportifs camerounais.\u00a0Les r\u00e9centes prouesses de nos s\u00e9lections nationales durant l\u2019ann\u00e9e 2019 lui ont encore donn\u00e9es l\u2019occasion.\u00a0\u00a0 \u00ab\u00a0<em>Je crois que nous pouvons \u00eatre fiers de notre jeunesse sportive qui fait flotter tr\u00e8s haut les couleurs du Cameroun<\/em>\u00a0\u00bb, a-t-il salu\u00e9.<\/p>\n<p class=\"c4\">Le Pr\u00e9sident de la R\u00e9publique les a \u00e9num\u00e9r\u00e9s. \u00a0\u00ab\u00a0 <em>Je mentionnerai les succ\u00e8s remport\u00e9s par nos jeunes sportifs sur la sc\u00e8ne internationale. Qu\u2019il s\u2019agisse du \u00a02<sup>\u00e8me<\/sup> titre de champion d\u2019Afrique des Nations de notre \u00e9quipe de football messieurs des moins de 17 ans en avril 2019, du 2<sup>\u00e8me<\/sup> titre de championne d\u2019Afrique de notre \u00e9quipe nationale de volley-ball dames en juillet 2019 et de la cons\u00e9cration, en janvier 2020, de notre \u00e9quipe nationale f\u00e9minine de football comme meilleure \u00e9quipe du continent<\/em>\u00a0\u00bb.<\/p>\n<p class=\"c4\">Alors que le Cameroun, notamment sa jeunesse, a rendez-vous avec l\u2019Afrique en avril prochain en marge du sixi\u00e8me Championnat d\u2019Afrique des nations, Paul Biya n\u2019en a pas fait cas. Ce f\u00fbt \u00e9galement les cas le \u00a031 d\u00e9cembre dernier lorsqu\u2019il s\u2019adressait \u00e0 la Nation. Or il y a quelques \u00a0ann\u00e9es, alors que\u00a0ces comp\u00e9titions \u00e9taient encore lointaines (le CHAN 2020 et la CAN 2021), il ne manquait de\u00a0rappeler \u00e0 la jeunesse qu\u2019elle a bient\u00f4t rendez-vous avec le continent.<\/p>\n<p class=\"c4\">Un acte de prudence\u00a0 qui pourrait laisser penser que le glissement de date de la CAN 2019 \u00e0 2021, \u00a0a quelque peu douch\u00e9 son enthousiasme.<\/p>\n<\/div>\n<p>Auteur: Christian DJIMADEU<br \/>\n<a href=\"https:\/\/www.journalducameroun.com\/cameroun-4\/\">Cliquez ici pour lire l&rsquo;article depuis sa source.<\/a><\/p>\n","protected":false},"excerpt":{"rendered":"<p>Publi\u00e9 le 10.02.2020 \u00e0 21h33 par Christian Djimadeu Dans son traditionnel discours \u00e0 la jeunesse le 10 f\u00e9vrier, le Pr\u00e9sident de la R\u00e9publique \u00a0salue les performances des s\u00e9lections nationales de foot et de volleyball, et ne juge pas n\u00e9cessaire d\u2019\u00e9voquer \u00a0le Championnat d\u2019Afrique des nations que le pays accueille \u00a0en avril prochain. Cela faisait bien [&hellip;]<\/p>\n","protected":false},"author":1965,"featured_media":0,"comment_status":"closed","ping_status":"closed","sticky":false,"template":"","format":"standard","meta":{"fifu_image_url":"","fifu_image_alt":"","footnotes":""},"categories":[73,82],"tags":[],"class_list":["post-75758","post","type-post","status-publish","format-standard","hentry","category-actualite","category-cameroun"],"_links":{"self":[{"href":"https:\/\/linitiative.ca\/International\/wp-json\/wp\/v2\/posts\/75758","targetHints":{"allow":["GET"]}}],"collection":[{"href":"https:\/\/linitiative.ca\/International\/wp-json\/wp\/v2\/posts"}],"about":[{"href":"https:\/\/linitiative.ca\/International\/wp-json\/wp\/v2\/types\/post"}],"author":[{"embeddable":true,"href":"https:\/\/linitiative.ca\/International\/wp-json\/wp\/v2\/users\/1965"}],"replies":[{"embeddable":true,"href":"https:\/\/linitiative.ca\/International\/wp-json\/wp\/v2\/comments?post=75758"}],"version-history":[{"count":0,"href":"https:\/\/linitiative.ca\/International\/wp-json\/wp\/v2\/posts\/75758\/revisions"}],"wp:attachment":[{"href":"https:\/\/linitiative.ca\/International\/wp-json\/wp\/v2\/media?parent=75758"}],"wp:term":[{"taxonomy":"category","embeddable":true,"href":"https:\/\/linitiative.ca\/International\/wp-json\/wp\/v2\/categories?post=75758"},{"taxonomy":"post_tag","embeddable":true,"href":"https:\/\/linitiative.ca\/International\/wp-json\/wp\/v2\/tags?post=75758"}],"curies":[{"name":"wp","href":"https:\/\/api.w.org\/{rel}","templated":true}]}}