{"id":75759,"date":"2020-02-10T16:07:56","date_gmt":"2020-02-10T21:07:56","guid":{"rendered":"https:\/\/linitiative.ca\/International\/meurtre-de-njoni-tchakounte-paul-biya-interpelle-parents-enseignants-et-hommes-de-dieu\/"},"modified":"2020-02-10T16:07:56","modified_gmt":"2020-02-10T21:07:56","slug":"meurtre-de-njoni-tchakounte-paul-biya-interpelle-parents-enseignants-et-hommes-de-dieu","status":"publish","type":"post","link":"https:\/\/linitiative.ca\/International\/meurtre-de-njoni-tchakounte-paul-biya-interpelle-parents-enseignants-et-hommes-de-dieu\/","title":{"rendered":"Meurtre de Njoni Tchakount\u00e9: Paul Biya interpelle  parents, enseignants et hommes de Dieu"},"content":{"rendered":"<div readability=\"32\">\n<p>Publi\u00e9 le 10.02.2020 \u00e0 22h07 par Christian Djimadeu<\/p>\n<\/div>\n<div readability=\"59\">\n<h2 class=\"c3\">Le pr\u00e9sident de la R\u00e9publique demande \u00e0 ces garants de la morale publique de tirer les le\u00e7ons de l\u2019assassinat de l\u2019enseignant du lyc\u00e9e classique de Nkolbisson afin que pareil drame ne se produise.<\/h2>\n<p class=\"c4\">L\u2019assassinat du professeur de math\u00e9matique du lyc\u00e9e de Nkolbisson continue d\u2019alimenter la chronique. Dans son discours \u00e0 la jeunesse le 10 f\u00e9vrier, le pr\u00e9sident de la R\u00e9publique en est revenu vers la fin de don adresse. \u00ab<em>\u00a0Je ne peux pas ne pas \u00e9voquer, avant de conclure, un \u00e9v\u00e9nement r\u00e9cent qui bouleverse nos consciences\u00a0: le meurtre, \u00e0 Yaound\u00e9, d\u2019un jeune professeur de math\u00e9matiques par un de ses \u00e9l\u00e8ves. Cet acte, \u00e0 peine croyable, en dit long sur les d\u00e9rives de nos soci\u00e9t\u00e9s modernes<\/em>\u00a0\u00bb, a-t-il d\u00e9clar\u00e9.<\/p>\n<p class=\"c4\">Il a \u00a0de suite interpel\u00e9 quelques garants de l\u2019\u00e9ducation \u00e0 faire la lumi\u00e8re sur ce drame. \u00ab\u00a0<em>J\u2019en appelle aux parents, aux hommes de religion et aux enseignants pour que, gr\u00e2ce \u00e0 l\u2019\u00e9ducation qu\u2019ils dispensent, de tels faits ne puissent se reproduire. Je vous demande \u00e9galement de r\u00e9fl\u00e9chir \u00e0 ce qui s\u2019est pass\u00e9, d\u2019en mesurer la gravit\u00e9 et de prendre l\u2019engagement de ne jamais commettre de tels actes\u00a0<\/em>\u00bb.<\/p>\n<p class=\"c4\">Par ailleurs, le pr\u00e9sident de la R\u00e9publique a \u00e9voqu\u00e9 la probl\u00e9matique de la prolif\u00e9ration des stup\u00e9fiants qui touche une bonne partie de jeunesse. \u00ab\u00a0 <em>J\u2019avais demand\u00e9 au Gouvernement d\u2019envisager la mise en place d\u2019un plan national de lutte contre la consommation des drogues et de l\u2019alcool. Celle-ci avait alors atteint la c\u00f4te d\u2019alerte au sein de la jeunesse camerounaise. J\u2019invite encore aujourd\u2019hui le Gouvernement \u00e0 se mobiliser davantage pour lutter contre ce fl\u00e9au\u00a0<\/em>\u00bb, a-t-il instruit.<\/p>\n<\/div>\n<p>Auteur: Christian DJIMADEU<br \/>\n<a href=\"https:\/\/www.journalducameroun.com\/meurtre-de-njoni-tchakounte-paul-biya-interpelle-parents-enseignants-et-hommes-de-dieu\/\">Cliquez ici pour lire l&rsquo;article depuis sa source.<\/a><\/p>\n","protected":false},"excerpt":{"rendered":"<p>Publi\u00e9 le 10.02.2020 \u00e0 22h07 par Christian Djimadeu Le pr\u00e9sident de la R\u00e9publique demande \u00e0 ces garants de la morale publique de tirer les le\u00e7ons de l\u2019assassinat de l\u2019enseignant du lyc\u00e9e classique de Nkolbisson afin que pareil drame ne se produise. L\u2019assassinat du professeur de math\u00e9matique du lyc\u00e9e de Nkolbisson continue d\u2019alimenter la chronique. Dans [&hellip;]<\/p>\n","protected":false},"author":1965,"featured_media":0,"comment_status":"closed","ping_status":"closed","sticky":false,"template":"","format":"standard","meta":{"fifu_image_url":"","fifu_image_alt":"","footnotes":""},"categories":[73,82],"tags":[],"class_list":["post-75759","post","type-post","status-publish","format-standard","hentry","category-actualite","category-cameroun"],"_links":{"self":[{"href":"https:\/\/linitiative.ca\/International\/wp-json\/wp\/v2\/posts\/75759","targetHints":{"allow":["GET"]}}],"collection":[{"href":"https:\/\/linitiative.ca\/International\/wp-json\/wp\/v2\/posts"}],"about":[{"href":"https:\/\/linitiative.ca\/International\/wp-json\/wp\/v2\/types\/post"}],"author":[{"embeddable":true,"href":"https:\/\/linitiative.ca\/International\/wp-json\/wp\/v2\/users\/1965"}],"replies":[{"embeddable":true,"href":"https:\/\/linitiative.ca\/International\/wp-json\/wp\/v2\/comments?post=75759"}],"version-history":[{"count":0,"href":"https:\/\/linitiative.ca\/International\/wp-json\/wp\/v2\/posts\/75759\/revisions"}],"wp:attachment":[{"href":"https:\/\/linitiative.ca\/International\/wp-json\/wp\/v2\/media?parent=75759"}],"wp:term":[{"taxonomy":"category","embeddable":true,"href":"https:\/\/linitiative.ca\/International\/wp-json\/wp\/v2\/categories?post=75759"},{"taxonomy":"post_tag","embeddable":true,"href":"https:\/\/linitiative.ca\/International\/wp-json\/wp\/v2\/tags?post=75759"}],"curies":[{"name":"wp","href":"https:\/\/api.w.org\/{rel}","templated":true}]}}