{"id":75760,"date":"2020-02-10T16:31:05","date_gmt":"2020-02-10T21:31:05","guid":{"rendered":"https:\/\/linitiative.ca\/International\/discours-a-la-jeunesse-paul-biya-500-000-emplois-ont-ete-crees-en-2019\/"},"modified":"2020-02-10T16:31:05","modified_gmt":"2020-02-10T21:31:05","slug":"discours-a-la-jeunesse-paul-biya-500-000-emplois-ont-ete-crees-en-2019","status":"publish","type":"post","link":"https:\/\/linitiative.ca\/International\/discours-a-la-jeunesse-paul-biya-500-000-emplois-ont-ete-crees-en-2019\/","title":{"rendered":"Discours \u00e0 la jeunesse-Paul Biya : \u00ab 500.000 emplois ont \u00e9t\u00e9 cr\u00e9\u00e9s en 2019 \u00bb"},"content":{"rendered":"<div readability=\"32\">\n<p>Publi\u00e9 le 10.02.2020 \u00e0 22h31 par Christian Djimadeu<\/p>\n<\/div>\n<div readability=\"147\">\n<h2>En plus de la question des emplois, le pr\u00e9sident de la R\u00e9publique parle entre autres dans son discours de ce 10 f\u00e9vrier \u00e0 la jeunesse, des opportunit\u00e9s qu\u2019offre le nouveau code g\u00e9n\u00e9ral des collectivit\u00e9s, du syst\u00e8me \u00e9ducatif camerounais, de la performance des sportifs dans les comp\u00e9titions internationales, et le r\u00e9cent scandale de l\u2019assassinat d\u2019un professeur de math\u00e9matique par son \u00e9l\u00e8ve.<\/h2>\n<h2><span class=\"c4\"><span class=\"c3\">Ci-dessous le discours complet de Paul Biya.<\/span><\/span><\/h2>\n<p><span class=\"c4\">Mes chers jeunes compatriotes,<\/span><\/p>\n<p><span class=\"c4\">Il n\u2019y a pas si longtemps, m\u2019adressant \u00e0 la Nation, je vous disais que le septennat en cours devait \u00eatre d\u00e9cisif. Je pensais bien entendu \u00e0 notre acc\u00e8s \u00e0 l\u2019\u00e9mergence \u00e0 l\u2019horizon 2035 qui validerait nos avanc\u00e9es dans le domaine de la d\u00e9mocratie et du progr\u00e8s \u00e9conomique et social. Eh bien, je crois que les faits sont en train de me donner raison.<\/span> <span class=\"c4\">Il fallait en priorit\u00e9 r\u00e9gler\u00a0 le probl\u00e8me, depuis longtemps pendant, de la mise en \u0153uvre de la d\u00e9centralisation. Le Grand Dialogue National a ouvert la voie \u00e0 l\u2019adoption, par le Parlement, du Code G\u00e9n\u00e9ral des Collectivit\u00e9s Territoriales D\u00e9centralis\u00e9es et d\u2019une loi qui assure l\u2019\u00e9galit\u00e9 de l\u2019usage du fran\u00e7ais et de l\u2019anglais. Ces textes ont \u00e9t\u00e9 promulgu\u00e9s par mes soins dans les meilleurs d\u00e9lais.<\/span> <span class=\"c4\">Rien ne s\u2019oppose donc plus \u00e0 leur application. Il s\u2019agit en r\u00e9alit\u00e9 d\u2019une v\u00e9ritable r\u00e9volution pacifique qui r\u00e9pond aux aspirations de nos concitoyens \u00e0 une meilleure participation \u00e0 la gestion des affaires locales. A quoi s\u2019ajoutent les dispositions d\u2019un statut sp\u00e9cial pour les r\u00e9gions du Nord-Ouest et du Sud-Ouest, qui tient compte de leurs particularit\u00e9s sociales et culturelles.<\/span> <span class=\"c4\">Mais, me direz-vous, pourquoi nous parler d\u2019un probl\u00e8me qui ne nous concerne pas sp\u00e9cifiquement\u00a0? Il y a, \u00e0 cela, deux raisons\u00a0:<\/span> <span class=\"c4\">\u2013 D\u2019une part, vous serez la premi\u00e8re jeune g\u00e9n\u00e9ration \u00e0 b\u00e9n\u00e9ficier des opportunit\u00e9s qui vont se pr\u00e9senter \u00e0 ceux qui voudront s\u2019investir dans la gouvernance locale. Et je vous engage vivement \u00e0 le faire.<\/span> <span class=\"c4\">\u2013 D\u2019autre part, le nouveau processus de d\u00e9centralisation a valeur d\u2019exemple. Il apporte la preuve que les probl\u00e8mes li\u00e9s \u00e0 l\u2019\u00e9volution de notre soci\u00e9t\u00e9 peuvent se r\u00e9gler par la concertation sans recourir \u00e0 la violence.<\/span> \u00b7<span class=\"c5\">\u00a0\u00a0\u00a0\u00a0\u00a0\u00a0<\/span><\/p>\n<p><span class=\"c5\">\u00a0\u00a0<\/span> <span class=\"c4\">Mes chers jeunes compatriotes,<\/span><\/p>\n<p><span class=\"c4\">Je voudrais insister sur ce point, car il n\u2019y a que trop d\u2019endroits dans le monde \u2013 et notamment en Afrique \u2013 o\u00f9 la violence fait le malheur des peuples. Nous ne voulons pas de cela au Cameroun. Notre objectif demeure l\u2019\u00e9tablissement d\u2019une soci\u00e9t\u00e9 pacifique, d\u00e9mocratique, juste et prosp\u00e8re.<\/span> <span class=\"c4\">C\u2019est pourquoi nous poursuivrons nos efforts pour avancer dans cette voie, en mettant l\u2019accent sur le d\u00e9veloppement de notre syst\u00e8me \u00e9ducatif.\u00a0<\/span> <span class=\"c4\">D\u00e9j\u00e0 parvenu \u00e0 un niveau de qualit\u00e9 reconnu, il continuera de faire l\u2019objet d\u2019une attention particuli\u00e8re du Gouvernement. A titre d\u2019exemple, tous types d\u2019enseignement confondus, ses dotations budg\u00e9taires repr\u00e9sentent, en 2020, environ le septi\u00e8me\u00a0 des d\u00e9penses de l\u2019Etat.<\/span> <span class=\"c4\">Des jeunes ayant re\u00e7u une bonne \u00e9ducation et une bonne formation auront naturellement les meilleures chances de se comporter en citoyens responsables et d\u2019acc\u00e9der \u00e0 l\u2019emploi.<\/span> <span class=\"c4\">Ce dernier probl\u00e8me reste pr\u00e9occupant, surtout s\u2019agissant des jeunes. Il n\u2019y a pas en effet, pour le moment, ad\u00e9quation entre la demande et l\u2019offre d\u2019emplois. L\u2019Etat et le Minist\u00e8re de l\u2019Emploi et de la Formation Professionnelle font tout ce qu\u2019ils peuvent pour apporter des r\u00e9ponses. Le premier par ses recrutements dans la fonction publique et l\u2019arm\u00e9e. Le second par la mise en \u0153uvre de diff\u00e9rents programmes d\u2019aide \u00e0 l\u2019emploi.<\/span> <span class=\"c4\">Mais, il faut bien reconna\u00eetre\u00a0 que ces efforts, m\u00eame s\u2019ils sont appr\u00e9ciables, ne sont pas de nature \u00e0 r\u00e9gler un probl\u00e8me qui tient au fait que notre \u00e9conomie ne cr\u00e9e pas suffisamment d\u2019emplois. Malgr\u00e9 ce handicap, on peut toutefois se r\u00e9jouir de ce que, selon les statistiques, un peu plus de 500.000 emplois ont \u00e9t\u00e9 cr\u00e9\u00e9s l\u2019an dernier dans le secteur moderne de notre \u00e9conomie.<\/span> <span class=\"c4\">La situation actuelle de celle-ci est la r\u00e9sultante des diff\u00e9rentes crises qui se sont produites au cours des vingt derni\u00e8res ann\u00e9es. J\u2019ai \u00e9voqu\u00e9 r\u00e9cemment cette question dans mon message de fin d\u2019ann\u00e9e \u00e0 la Nation.<\/span> <span class=\"c4\">J\u2019ai dit en substance que notre \u00e9conomie \u00e9voluait de fa\u00e7on plut\u00f4t satisfaisante et que notre croissance \u00e9tait repartie \u00e0 la hausse. Mais je pr\u00e9cisais aussi que le contexte international demeurait incertain et que nous devions faire des efforts suppl\u00e9mentaires pour rester sur la trajectoire de l\u2019\u00e9mergence. Ant\u00e9rieurement, j\u2019avais eu l\u2019occasion de d\u00e9plorer notre d\u00e9pendance excessive \u00a0\u00a0vis-\u00e0-vis de l\u2019ext\u00e9rieur et de sugg\u00e9rer de l\u2019all\u00e9ger.<\/span> <span class=\"c4\">C\u2019est tout le sens de notre politique de d\u00e9veloppement qui vise \u00e0 moderniser notre agriculture, \u00e0 stimuler notre industrialisation, notamment en transformant nos mati\u00e8res premi\u00e8res agricoles et min\u00e9rales, et \u00e0 d\u00e9velopper le num\u00e9rique. Nous pourrons ainsi faire baisser nos importations, augmenter nos exportations et cr\u00e9er de nouveaux bassins d\u2019emplois. C\u2019est \u00e0 vous, mes chers jeunes compatriotes, que reviendra cette t\u00e2che exaltante au cours des prochaines d\u00e9cennies.<\/span> <span class=\"c4\">Par ailleurs, le Minist\u00e8re de la Jeunesse et de l\u2019Education Civique poursuivra ses activit\u00e9s au b\u00e9n\u00e9fice des jeunes dans les domaines de l\u2019\u00e9ducation civique et de l\u2019int\u00e9gration nationale, de leur insertion \u00e9conomique et de l\u2019application du Plan Triennal\u00a0Sp\u00e9cial Jeunes. C\u2019est le cas avec l\u2019initiative <em>Youth Connekt Cameroon<\/em>, r\u00e9cemment lanc\u00e9e \u00e0 Yaound\u00e9.<\/span> <span class=\"c4\">Ces diff\u00e9rents programmes concernent plusieurs centaines de milliers de jeunes.<\/span> <span class=\"c4\">Au registre des satisfactions que nous pouvons l\u00e9gitimement \u00e9prouver, je mentionnerai les succ\u00e8s remport\u00e9s par nos jeunes sportifs sur la sc\u00e8ne internationale. Qu\u2019il s\u2019agisse\u00a0:<\/span> <span class=\"c4\">\u2013 du 2<\/span><sup><span class=\"c8\">\u00e8me<\/span><\/sup><span class=\"c4\">titre de champion d\u2019Afrique des Nations de notre \u00e9quipe de football messieurs des moins de 17 ans en avril 2019,<\/span> <span class=\"c4\">\u2013 du 2<\/span><sup><span class=\"c8\">\u00e8me<\/span><\/sup><span class=\"c4\">titre de championne d\u2019Afrique de notre \u00e9quipe nationale de volley-ball dames en juillet 2019 et<\/span> <span class=\"c4\">\u2013 de la cons\u00e9cration, en janvier 2020, de notre \u00e9quipe nationale f\u00e9minine de football comme meilleure \u00e9quipe du continent,<\/span> <span class=\"c4\">Je crois que nous pouvons \u00eatre fiers de notre jeunesse sportive qui fait flotter tr\u00e8s haut les couleurs du Cameroun.<\/span> \u00b7<span class=\"c5\">\u00a0\u00a0\u00a0<\/span><\/p>\n<p><span class=\"c5\">\u00a0\u00a0\u00a0\u00a0\u00a0<\/span> <span class=\"c4\">Mes chers jeunes compatriotes,<\/span><\/p>\n<p><span class=\"c4\">Il n\u2019y a pas si longtemps, lors d\u2019un Conseil Minist\u00e9riel, j\u2019avais demand\u00e9 au Gouvernement d\u2019envisager la mise en place d\u2019un plan national de lutte contre la consommation des drogues et de l\u2019alcool. Celle-ci avait alors atteint la c\u00f4te d\u2019alerte au sein de la jeunesse camerounaise. J\u2019invite encore aujourd\u2019hui le Gouvernement \u00e0 se mobiliser davantage pour lutter contre ce fl\u00e9au.<\/span> <span class=\"c4\">Je saisis \u00e9galement l\u2019occasion de cette F\u00eate de la Jeunesse pour, une fois de plus, lancer un appel \u00e0 nos jeunes compatriotes du Nord-Ouest et du \u00a0\u00a0\u00a0\u00a0\u00a0\u00a0\u00a0\u00a0\u00a0Sud-Ouest. Ceux qui se sont laiss\u00e9 enr\u00f4ler dans des bandes arm\u00e9es et qui continuent d\u2019entretenir un climat d\u2019ins\u00e9curit\u00e9 dans ces deux r\u00e9gions doivent d\u00e9poser les armes, \u00e0 l\u2019exemple de ceux, nombreux, qui l\u2019ont d\u00e9j\u00e0 fait et qui vivent tranquillement au sein de nos communaut\u00e9s. Je continue de les exhorter \u00e0 sortir de la brousse et \u00e0 retrouver leurs autres jeunes concitoyens qui m\u00e8nent une vie normale au sein de la soci\u00e9t\u00e9.<\/span><\/p>\n<p>\u00b7<span class=\"c5\">\u00a0\u00a0\u00a0\u00a0\u00a0\u00a0\u00a0\u00a0<\/span> <span class=\"c4\">Mes chers jeunes compatriotes,<\/span><\/p>\n<p><span class=\"c4\">Je ne peux pas ne pas \u00e9voquer, avant de conclure, un \u00e9v\u00e9nement r\u00e9cent qui bouleverse nos consciences\u00a0: le meurtre, \u00e0 Yaound\u00e9, d\u2019un jeune professeur de math\u00e9matiques par un de ses \u00e9l\u00e8ves. Cet acte, \u00e0 peine croyable, en dit long sur les d\u00e9rives de nos soci\u00e9t\u00e9s modernes.<\/span> <span class=\"c4\">J\u2019en appelle aux parents, aux hommes de religion et aux enseignants pour que, gr\u00e2ce \u00e0 l\u2019\u00e9ducation qu\u2019ils dispensent, de tels faits ne puissent se reproduire. Je vous demande \u00e9galement de r\u00e9fl\u00e9chir \u00e0 ce qui s\u2019est pass\u00e9, d\u2019en mesurer la gravit\u00e9 et de prendre l\u2019engagement de ne jamais commettre de tels actes.<\/span> <span class=\"c4\">Je saisis cette occasion pour exprimer de nouveau aux malheureux parents concern\u00e9s mes tr\u00e8s sinc\u00e8res condol\u00e9ances.<\/span> \u00b7<span class=\"c5\">\u00a0\u00a0\u00a0\u00a0\u00a0\u00a0\u00a0\u00a0<\/span> <span class=\"c4\">Mes chers jeunes compatriotes,<\/span> <span class=\"c4\">Il y a soixante ans \u2013 j\u2019avais alors votre \u00e2ge, le Cameroun acc\u00e9dait \u00e0 l\u2019ind\u00e9pendance. Les jeunes de l\u2019\u00e9poque en avaient r\u00eav\u00e9 et elle est devenue r\u00e9alit\u00e9.<\/span> <span class=\"c4\">La t\u00e2che \u00e9tait immense. Nous en \u00e9tions conscients. Il aura fallu beaucoup d\u2019efforts, mais aussi de sang et de larmes, pour arriver o\u00f9 nous en sommes. Ce sont des g\u00e9n\u00e9rations de jeunes comme vous qui y ont consacr\u00e9 leur vie. Nous n\u2019avons pas \u00e0 avoir honte de ce qu\u2019ils ont fait.<\/span> <span class=\"c4\">Aujourd\u2019hui, les Camerounaises et les Camerounais, dans leur grande majorit\u00e9, peuvent manger \u00e0 leur faim, se faire soigner, aller \u00e0 l\u2019\u00e9cole, au coll\u00e8ge, au lyc\u00e9e, \u00e0 l\u2019universit\u00e9, ont le droit de s\u2019exprimer et de voter librement.<\/span> <span class=\"c4\">Bien s\u00fbr, il reste encore beaucoup \u00e0 faire. Nous le ferons ensemble. Nous b\u00e2tirons ensemble la soci\u00e9t\u00e9 juste et prosp\u00e8re que nous appelons de nos v\u0153ux.<\/span> \u00b7<span class=\"c5\">\u00a0\u00a0\u00a0\u00a0\u00a0\u00a0\u00a0\u00a0<\/span><\/p>\n<p><span class=\"c4\">Mes chers jeunes compatriotes,<\/span><\/p>\n<p><span class=\"c4\">Pour le bien de notre pays, j\u2019ai besoin de vous.<\/span> <span class=\"c4\">Bonne F\u00eate de la Jeunesse !<\/span> <span class=\"c4\">Vive la jeunesse camerounaise\u00a0!<\/span> <span class=\"c4\">Et vive le Cameroun\u00a0!<\/span><\/p>\n<\/div>\n<p>Auteur: Christian DJIMADEU<br \/>\n<a href=\"https:\/\/www.journalducameroun.com\/discours-a-la-jeunesse-paul-biya-500-000-emplois-ont-ete-crees-en-2019\/\">Cliquez ici pour lire l&rsquo;article depuis sa source.<\/a><\/p>\n","protected":false},"excerpt":{"rendered":"<p>Publi\u00e9 le 10.02.2020 \u00e0 22h31 par Christian Djimadeu En plus de la question des emplois, le pr\u00e9sident de la R\u00e9publique parle entre autres dans son discours de ce 10 f\u00e9vrier \u00e0 la jeunesse, des opportunit\u00e9s qu\u2019offre le nouveau code g\u00e9n\u00e9ral des collectivit\u00e9s, du syst\u00e8me \u00e9ducatif camerounais, de la performance des sportifs dans les comp\u00e9titions internationales, [&hellip;]<\/p>\n","protected":false},"author":1965,"featured_media":0,"comment_status":"closed","ping_status":"closed","sticky":false,"template":"","format":"standard","meta":{"fifu_image_url":"","fifu_image_alt":"","footnotes":""},"categories":[73,82],"tags":[],"class_list":["post-75760","post","type-post","status-publish","format-standard","hentry","category-actualite","category-cameroun"],"_links":{"self":[{"href":"https:\/\/linitiative.ca\/International\/wp-json\/wp\/v2\/posts\/75760","targetHints":{"allow":["GET"]}}],"collection":[{"href":"https:\/\/linitiative.ca\/International\/wp-json\/wp\/v2\/posts"}],"about":[{"href":"https:\/\/linitiative.ca\/International\/wp-json\/wp\/v2\/types\/post"}],"author":[{"embeddable":true,"href":"https:\/\/linitiative.ca\/International\/wp-json\/wp\/v2\/users\/1965"}],"replies":[{"embeddable":true,"href":"https:\/\/linitiative.ca\/International\/wp-json\/wp\/v2\/comments?post=75760"}],"version-history":[{"count":0,"href":"https:\/\/linitiative.ca\/International\/wp-json\/wp\/v2\/posts\/75760\/revisions"}],"wp:attachment":[{"href":"https:\/\/linitiative.ca\/International\/wp-json\/wp\/v2\/media?parent=75760"}],"wp:term":[{"taxonomy":"category","embeddable":true,"href":"https:\/\/linitiative.ca\/International\/wp-json\/wp\/v2\/categories?post=75760"},{"taxonomy":"post_tag","embeddable":true,"href":"https:\/\/linitiative.ca\/International\/wp-json\/wp\/v2\/tags?post=75760"}],"curies":[{"name":"wp","href":"https:\/\/api.w.org\/{rel}","templated":true}]}}