{"id":75761,"date":"2020-02-10T17:18:05","date_gmt":"2020-02-10T22:18:05","guid":{"rendered":"https:\/\/linitiative.ca\/International\/les-emirats-arabes-unis-vont-construire-linstitut-mauritanien-des-arts\/"},"modified":"2020-02-10T17:18:05","modified_gmt":"2020-02-10T22:18:05","slug":"les-emirats-arabes-unis-vont-construire-linstitut-mauritanien-des-arts","status":"publish","type":"post","link":"https:\/\/linitiative.ca\/International\/les-emirats-arabes-unis-vont-construire-linstitut-mauritanien-des-arts\/","title":{"rendered":"Les Emirats arabes unis vont construire l\u2019institut mauritanien des arts"},"content":{"rendered":"<div readability=\"32\">\n<p>Publi\u00e9 le 10.02.2020 \u00e0 23h18 par APA News<\/p>\n<\/div>\n<div readability=\"59\">\n<p>Les Emirats arabes unis se sont engag\u00e9s,lundi, \u00e0 construire un institut mauritanien des arts \u00e0 Nouakchott, le premier du genre dans le pays.Cet engagement s\u2019est mat\u00e9rialis\u00e9 par un m\u00e9morandum conclu entre les deux parties lundi \u00e0 Nouakchott. Le m\u00e9morandum a \u00e9t\u00e9 sign\u00e9 par le ministre mauritanien de la Culture, de l\u2019Artisanat et des Relations avec le Parlement, Sidi Mohamed Ould Ghaber, et le pr\u00e9sident du conseil d\u2019administration de la soci\u00e9t\u00e9 \u00e9miratie \u00ab Essalam El Ghabidha \u00bb, Mohamed Ben Nacer Ben Wezn El Ghahtani.<\/p>\n<p>Les arts repr\u00e9sentent un facteur principal d\u2019impulsion de la cr\u00e9ativit\u00e9 et du g\u00e9nie des soci\u00e9t\u00e9s, a expliqu\u00e9 Ould Ghaber dans un mot lors de la c\u00e9r\u00e9monie de signature.<\/p>\n<p>Ils contribuent \u00e0 l\u2019enracinement des valeurs de paix et de tol\u00e9rance, a-t-il ajout\u00e9, soulignant qu\u2019ils se trouvent en bonne position dans le programme du pr\u00e9sident mauritanien Mohamed Ould Cheikh El Ghazouani.<\/p>\n<p>Pour sa part, Abdel Kader Abderrahmane, expert membre du conseil d\u2019administration de \u00abEssalam El Ghabidha\u00bb, a lou\u00e9 l\u2019int\u00e9r\u00eat accord\u00e9 par la partie mauritanienne \u00e0 la culture de mani\u00e8re g\u00e9n\u00e9rale et particuli\u00e8rement \u00e0 la promotion des arts.<\/p>\n<\/div>\n<p>Auteur: APA News<br \/>\n<a href=\"https:\/\/www.journalducameroun.com\/les-emirats-arabes-unis-vont-construire-linstitut-mauritanien-des-arts\/\">Cliquez ici pour lire l&rsquo;article depuis sa source.<\/a><\/p>\n","protected":false},"excerpt":{"rendered":"<p>Publi\u00e9 le 10.02.2020 \u00e0 23h18 par APA News Les Emirats arabes unis se sont engag\u00e9s,lundi, \u00e0 construire un institut mauritanien des arts \u00e0 Nouakchott, le premier du genre dans le pays.Cet engagement s\u2019est mat\u00e9rialis\u00e9 par un m\u00e9morandum conclu entre les deux parties lundi \u00e0 Nouakchott. Le m\u00e9morandum a \u00e9t\u00e9 sign\u00e9 par le ministre mauritanien de [&hellip;]<\/p>\n","protected":false},"author":1965,"featured_media":0,"comment_status":"closed","ping_status":"closed","sticky":false,"template":"","format":"standard","meta":{"fifu_image_url":"","fifu_image_alt":"","footnotes":""},"categories":[73,82],"tags":[],"class_list":["post-75761","post","type-post","status-publish","format-standard","hentry","category-actualite","category-cameroun"],"_links":{"self":[{"href":"https:\/\/linitiative.ca\/International\/wp-json\/wp\/v2\/posts\/75761","targetHints":{"allow":["GET"]}}],"collection":[{"href":"https:\/\/linitiative.ca\/International\/wp-json\/wp\/v2\/posts"}],"about":[{"href":"https:\/\/linitiative.ca\/International\/wp-json\/wp\/v2\/types\/post"}],"author":[{"embeddable":true,"href":"https:\/\/linitiative.ca\/International\/wp-json\/wp\/v2\/users\/1965"}],"replies":[{"embeddable":true,"href":"https:\/\/linitiative.ca\/International\/wp-json\/wp\/v2\/comments?post=75761"}],"version-history":[{"count":0,"href":"https:\/\/linitiative.ca\/International\/wp-json\/wp\/v2\/posts\/75761\/revisions"}],"wp:attachment":[{"href":"https:\/\/linitiative.ca\/International\/wp-json\/wp\/v2\/media?parent=75761"}],"wp:term":[{"taxonomy":"category","embeddable":true,"href":"https:\/\/linitiative.ca\/International\/wp-json\/wp\/v2\/categories?post=75761"},{"taxonomy":"post_tag","embeddable":true,"href":"https:\/\/linitiative.ca\/International\/wp-json\/wp\/v2\/tags?post=75761"}],"curies":[{"name":"wp","href":"https:\/\/api.w.org\/{rel}","templated":true}]}}