{"id":75768,"date":"2020-02-11T08:00:05","date_gmt":"2020-02-11T13:00:05","guid":{"rendered":"https:\/\/linitiative.ca\/International\/reduction-des-risques-des-maladies-non-transmissibles-quand-innovation-rime-avec-sante\/"},"modified":"2020-02-11T08:00:05","modified_gmt":"2020-02-11T13:00:05","slug":"reduction-des-risques-des-maladies-non-transmissibles-quand-innovation-rime-avec-sante","status":"publish","type":"post","link":"https:\/\/linitiative.ca\/International\/reduction-des-risques-des-maladies-non-transmissibles-quand-innovation-rime-avec-sante\/","title":{"rendered":"R\u00e9duction des risques des maladies non transmissibles : Quand innovation rime avec sant\u00e9"},"content":{"rendered":"<p><img decoding=\"async\" class=\"post_layout_5_img\" src=\"http:\/\/aujourdhui.ma\/wp-content\/uploads\/2020\/02\/Danger-Risques-des-maladies-non-transmissibles.jpg?x29840\" alt=\"R\u00e9duction des risques des maladies non transmissibles : Quand innovation rime avec sant\u00e9\"\/><\/p>\n<p class=\"p1 c5\"><span class=\"s1\"><span class=\"c4\"><strong>A l\u2019heure o\u00f9 la communaut\u00e9 scientifique internationale tire la sonnette d\u2019alarme quant \u00e0 la consommation de cigarettes, les fumeurs ont du mal \u00e0 se d\u00e9barrasser de cette habitude \u00abmorbide\u00bb.<\/strong><\/span><\/span><\/p>\n<p class=\"p1 c5\"><span class=\"s1\">Sur 70% de fumeurs ayant entam\u00e9 le processus de sevrage, seulement 5% y arrivent sans aide au moment o\u00f9 le reste a du mal \u00e0 d\u00e9crocher ou bien l\u00e2che carr\u00e9ment prise pour \u00abresombrer\u00bb dans sa d\u00e9pendance. En effet, la cigarette est l\u2019une des principales causes de d\u00e9c\u00e8s pr\u00e9matur\u00e9s dans le monde. Et pour cause\u00a0: elle est le premier facteur du cancer du poumon, une pathologie qui, tout comme le diab\u00e8te et les troubles cardio-vasculaires, tue une grande masse de la population.<\/span><\/p>\n<p class=\"p1 c5\"><span class=\"s1\">En gros, pas moins de 40 millions de personnes dans le monde meurent chaque ann\u00e9e des suites de ces maladies non transmissibles dont une grande proportion est atteinte de cancer du poumon. Face \u00e0 cette r\u00e9alit\u00e9 alarmante, un nouveau concept \u00e9merge. Il s\u2019agit en effet de \u00abla r\u00e9duction des risques des maladies non transmissibles\u00bb. C\u2019est autour de cette th\u00e9matique qu\u2019une pl\u00e9iade de scientifiques internationaux constitu\u00e9e d\u2019oncologues, de pneumologues, de cardiologues et d\u2019experts s\u2019est r\u00e9unie la semaine derni\u00e8re \u00e0 Paris pour discuter des principaux risques sur lesquels il faudrait agir ainsi que des modalit\u00e9s de pr\u00e9vention \u00e0 engager dans les politiques publiques. Alm y \u00e9tait et revient sur les moments forts de cet \u00e9v\u00e9nement.<\/span><\/p>\n<p class=\"p1 c5\"><span class=\"c7\"><strong><span class=\"c6\"><span class=\"s1\">Plus de 300 milliards de dollars \u00e0 gagner des maladies\u00a0<\/span><span class=\"s1\">non transmissibles<\/span><\/span><\/strong><\/span><\/p>\n<p class=\"c5\"><a href=\"http:\/\/aujourdhui.ma\/wp-content\/uploads\/2020\/02\/L%E2%80%99impact-des-maladies-non-transmissibles-vu-par-l%E2%80%99OMS.jpg?x29840\"><img loading=\"lazy\" decoding=\"async\" class=\"size-full wp-image-332759 aligncenter\" src=\"http:\/\/aujourdhui.ma\/wp-content\/uploads\/2020\/02\/L%E2%80%99impact-des-maladies-non-transmissibles-vu-par-l%E2%80%99OMS.jpg?x29840\" alt=\"\" width=\"746\" height=\"380\" srcset=\"http:\/\/aujourdhui.ma\/wp-content\/uploads\/2020\/02\/L\u2019impact-des-maladies-non-transmissibles-vu-par-l\u2019OMS.jpg 746w, http:\/\/aujourdhui.ma\/wp-content\/uploads\/2020\/02\/L\u2019impact-des-maladies-non-transmissibles-vu-par-l\u2019OMS-300x153.jpg 300w\" sizes=\"auto, (max-width: 746px) 100vw, 746px\"\/><\/a><\/p>\n<p class=\"p1 c5\"><span class=\"s1\">Comme dit l\u2019adage\u00a0: Mieux vaut pr\u00e9venir que gu\u00e9rir. D\u2019o\u00f9 l\u2019essence m\u00eame du concept de la r\u00e9duction des risques des maladies non transmissibles. Reconnue par l\u2019OMS, cette orientation de sant\u00e9 publique a pour but de r\u00e9duire l\u2019impact des facteurs de risques de ces maladies et par cons\u00e9quent att\u00e9nuer consid\u00e9rablement la mortalit\u00e9 due \u00e0 ces pathologies chroniques, et ce en agissant sur les comportements plut\u00f4t que d\u2019imposer des restrictions. Le concept de la r\u00e9duction des risques des maladies non transmissibles a \u00e9merg\u00e9 d\u2019un constat clair\u00a0: Au moment o\u00f9 les m\u00e9decins sont concentr\u00e9s \u00e0 prescrire les meilleurs soins, les patients, pour leur part, continuent d\u2019adopter des comportements qui nuisent \u00e0 leur sant\u00e9. \u00abLe changement de style de vie est \u00e9vident aussi bien pour les m\u00e9decins que pour les patients, mais on reste toutefois confront\u00e9s \u00e0 la r\u00e9ticence de ces derniers. Le patient ne veut pas ou ne peut pas changer son comportement\u00bb, explique \u00e0 cet effet le Professeur Peter Harper, oncologue.<\/span><\/p>\n<p class=\"p1 c5\"><span class=\"s1\">Ils sont cinq facteurs \u00e0 prendre en consid\u00e9ration. Citons \u00e0 cet effet la mauvaise alimentation, le tabagisme, la pollution, la consommation abusive d\u2019alcool et l\u2019inactivit\u00e9 physique. Des risques qui engendrent des maladies mortelles. D\u2019apr\u00e8s les statistiques disponibles, les maladies non transmissibles sont \u00e0 l\u2019origine de 82% des d\u00e9c\u00e8s pr\u00e9matur\u00e9s, soit 16 millions de personnes y succombent avant d\u2019atteindre les 70 ans, surtout dans les pays en voie de d\u00e9veloppement. Un fait qui impacte lourdement les \u00e9conomies \u00e9mergentes. Toutefois, ces d\u00e9c\u00e8s peuvent \u00eatre \u00e9vit\u00e9s si les gouvernements placent le concept de r\u00e9duction des risques des maladies non transmissibles au c\u0153ur de leurs politiques publiques. L\u2019urgence \u00e9tant d\u2019investir pour un avenir sain. Les interventions \u00e0 engager sauveraient \u00e0 l\u2019horizon 2030 environ 8,2 millions de vie dans les pays pauvres et g\u00e9n\u00e9reraient in fine 350 milliards de dollars de croissance \u00e9conomique. Ainsi, chaque dollar investi pour lutter contre les maladies non transmissibles permettrait d\u2019en gagner 7 en retour.<\/span><\/p>\n<p class=\"p1 c5\"><span class=\"c7\"><strong><span class=\"s1 c6\">Tabagisme\u00a0: Une pr\u00e9valence \u00e9lev\u00e9e au Maroc<\/span><\/strong><\/span><\/p>\n<p class=\"c5\"><a href=\"http:\/\/aujourdhui.ma\/wp-content\/uploads\/2020\/02\/cigarette-fumeur.jpg?x29840\"><img loading=\"lazy\" decoding=\"async\" class=\"size-full wp-image-332757 aligncenter\" src=\"http:\/\/aujourdhui.ma\/wp-content\/uploads\/2020\/02\/cigarette-fumeur.jpg?x29840\" alt=\"\" width=\"746\" height=\"380\" srcset=\"http:\/\/aujourdhui.ma\/wp-content\/uploads\/2020\/02\/cigarette-fumeur.jpg 746w, http:\/\/aujourdhui.ma\/wp-content\/uploads\/2020\/02\/cigarette-fumeur-300x153.jpg 300w\" sizes=\"auto, (max-width: 746px) 100vw, 746px\"\/><\/a><\/p>\n<p class=\"p1 c5\"><span class=\"s1\">Class\u00e9 comme deuxi\u00e8me facteur de risque, le tabagisme continue de rafler des vies \u00e0 l\u2019\u00e9chelle mondiale. Selon les estimations, 8 personnes meurent de maladies li\u00e9es au tabac dans le monde chaque minute. Malgr\u00e9 les r\u00e9glementations restrictives imposant des taxations pour la vente de tabac ou encore l\u2019interdiction de fumer dans les lieux publics, le nombre de fumeurs est en constante \u00e9volution, faisant ainsi augmenter la pr\u00e9valence dans l\u2019ensemble du globe. Au Maroc, l\u2019\u00e2ge moyen de d\u00e9but de consommation de cigarette est de 19 ans. C\u2019est ce que l\u2019on peut relever de la derni\u00e8re enqu\u00eate \u00e9pid\u00e9miologique de pr\u00e9valence sur les facteurs des risques des maladies non transmissibles r\u00e9v\u00e9l\u00e9e en mai 2019 par le minist\u00e8re de la sant\u00e9. Selon les conclusions tir\u00e9es, la pr\u00e9valence du tabagisme toutes formes confondues, \u00e0 savoir fum\u00e9 et non fum\u00e9, est de 13,4% au niveau national. Elle est plus importante chez les hommes (26,9%) que chez les femmes (0,4%). La pr\u00e9valence est par ailleurs plus \u00e9lev\u00e9e chez les personnes \u00e2g\u00e9es de 30 \u00e0 59 ans, soit respectivement 15,4 et 15,2%. Se r\u00e9f\u00e9rant \u00e0 l\u2019enqu\u00eate, la cigarette industrielle est le produit tabagique le plus consomm\u00e9 chez les fumeurs au Maroc. De m\u00eame, l\u2019enqu\u00eate d\u00e9montre que 38,3% des fumeurs actuels ont \u00e9t\u00e9, avertis, depuis une ann\u00e9e, par leur m\u00e9decin pour arr\u00eater de fumer. Ce pourcentage \u00e9tait plus important en milieu urbain (41%) qu\u2019en milieu rural (33,1%). Le danger de la cigarette r\u00e9side dans la combustion des substances chimiques que contient la tige. C\u2019est d\u2019ailleurs ce qui cause les maladies cardio-vasculaires et les pneumonies graves pouvant \u00e9ventuellement se d\u00e9velopper en cancer du poumon. Dans une logique de r\u00e9duction de risques, les scientifiques optent pour l\u2019usage de produits alternatifs. Une recommandation toujours pas valid\u00e9e par l\u2019OMS mais qui a fait l\u2019objet d\u2019une panoplie de recherches ayant confirm\u00e9 le r\u00f4le de ces produits dans la r\u00e9duction des m\u00e9faits du tabac. Le bras de fer entre l\u2019OMS et les scientifiques se poursuit. L\u2019ambition \u00e9tant que l\u2019institution onusienne, r\u00e9ticente \u00e0 l\u2019usage de tout type de tabac, accepte ces innovations d\u2019autant plus que les scientifiques assurent qu\u2019un \u00abmode sans tabac\u00bb<span class=\"Apple-converted-space\">\u00a0<\/span> est surr\u00e9aliste et que \u00abcesser de fumer\u00bb n\u2019est pas une option av\u00e9r\u00e9e.<\/span><\/p>\n<p class=\"p1 c5\"><span class=\"c8\"><strong><span class=\"s1\">Tabac \u00e0 chauffer, l\u2019innovation\u00a0<\/span><span class=\"s1\">\u00e0 risque r\u00e9duit<\/span><\/strong><\/span><\/p>\n<p class=\"c5\"><a href=\"http:\/\/aujourdhui.ma\/wp-content\/uploads\/2020\/02\/cigarette-e%CC%81lectronique-Philip-Morris-International-.jpg?x29840\"><img loading=\"lazy\" decoding=\"async\" class=\"size-full wp-image-332755 aligncenter\" src=\"http:\/\/aujourdhui.ma\/wp-content\/uploads\/2020\/02\/cigarette-e%CC%81lectronique-Philip-Morris-International-.jpg?x29840\" alt=\"\" width=\"746\" height=\"380\" srcset=\"http:\/\/aujourdhui.ma\/wp-content\/uploads\/2020\/02\/cigarette-e\u0301lectronique-Philip-Morris-International-.jpg 746w, http:\/\/aujourdhui.ma\/wp-content\/uploads\/2020\/02\/cigarette-e\u0301lectronique-Philip-Morris-International--300x153.jpg 300w\" sizes=\"auto, (max-width: 746px) 100vw, 746px\"\/><\/a><\/p>\n<p class=\"p1 c5\"><span class=\"s1\">Taxation, patchs, gums et mention \u00abfumer tue\u00bb n\u2019ont pas r\u00e9ussi \u00e0 r\u00e9duire le nombre de fumeurs dans le monde. Ces options n\u2019ont pas \u00e9t\u00e9 tr\u00e8s utiles dans cette guerre anti-tabac. Toutefois, la recherche et d\u00e9veloppement continue \u00e0 se d\u00e9velopper \u00e0 grands pas dans ce domaine. Apr\u00e8s la cigarette \u00e9lectronique, les op\u00e9rateurs ont pens\u00e9 \u00e0 des produits alternatifs scientifiquement approuv\u00e9s et qui pr\u00e9servent le rituel de la pratique de \u00abfumer\u00bb. Chose qui facilite leur acceptation par les fumeurs. La tendance actuelle est de consommer le tabac \u00e0 chauffer. Philip Morris International (PMI) a \u00e9t\u00e9 parmi les pionniers \u00e0 lancer ce produit alternatif.<\/span><\/p>\n<p class=\"p1 c5\"><span class=\"s1\">A travers son produit \u00abIqos\u00bb, le tabac est chauff\u00e9 \u00e0 350 degr\u00e9s permettant ainsi de r\u00e9duire le risque du tabagisme de 95% par rapport \u00e0 une cigarette conventionnelle. Lanc\u00e9 en 2014 au Japon, Iqos conna\u00eet d\u00e9sormais un grand succ\u00e8s partout dans le monde. Il est utilis\u00e9 dans une cinquantaine de pays par plus de 12 millions de consommateurs. L\u2019ambition de PMI est d\u2019arr\u00eater de commercialiser des cigarettes et d\u2019orienter les fumeurs adultes qui n\u2019arrivent pas \u00e0 passer aux alternatives \u00abmoins nocives\u00bb. L\u2019op\u00e9rateur a investi, dans ce sens, plus de 6 milliards de dollars dans le d\u00e9veloppement et l\u2019\u00e9valuation scientifique. Un effort appuy\u00e9 par plus de 70 \u00e9tudes ind\u00e9pendantes dont 7 gouvernementales. De m\u00eame, l\u2019agence am\u00e9ricaine FDA a autoris\u00e9 la commercialisation de Iqos aux \u00c9tats-Unis apr\u00e8s une revue scientifique d\u00e9taill\u00e9e ayant dur\u00e9 pr\u00e8s de 2 ans.<\/span><\/p>\n<div class=\"base-box mom_box_sc_custom mom_box_sc clear c10\" readability=\"19\">\n<p class=\"p1 c5\"><span class=\"c7\"><strong><span class=\"s1\"><span class=\"c9\">Produits alternatifs\u00a0: Quid du Maroc\u00a0?<\/span><\/span><\/strong><\/span><\/p>\n<p class=\"c5\"><a href=\"http:\/\/aujourdhui.ma\/wp-content\/uploads\/2020\/02\/cigarette-e%CC%81lectronique.jpg?x29840\"><img loading=\"lazy\" decoding=\"async\" class=\"size-full wp-image-332756 aligncenter\" src=\"http:\/\/aujourdhui.ma\/wp-content\/uploads\/2020\/02\/cigarette-e%CC%81lectronique.jpg?x29840\" alt=\"\" width=\"746\" height=\"380\" srcset=\"http:\/\/aujourdhui.ma\/wp-content\/uploads\/2020\/02\/cigarette-e\u0301lectronique.jpg 746w, http:\/\/aujourdhui.ma\/wp-content\/uploads\/2020\/02\/cigarette-e\u0301lectronique-300x153.jpg 300w\" sizes=\"auto, (max-width: 746px) 100vw, 746px\"\/><\/a><\/p>\n<p class=\"p1 c5\"><span class=\"s1\">Les derniers chiffres d\u00e9montrent la commercialisation de 13,8 milliards de tiges, soit une r\u00e9tractation de 9% du march\u00e9 des tabacs. Un repli qui reste justifi\u00e9 en grande partie par la hausse de 6% pour le paquet \u00abpremium\u00bb et non pas par la conversion des fumeurs aux produits alternatifs. Au Maroc, le tabac \u00e0 chauffer n\u2019est toujours pas homologu\u00e9. Seule la cigarette \u00e9lectronique est actuellement \u00abreconnue\u00bb, notamment \u00e0 travers la taxation du liquide utilis\u00e9 dans ce proc\u00e9d\u00e9. Une d\u00e9cision salu\u00e9e par l\u2019\u00e9quipe PMI Maroc. Selon Abla Benslimane, directeur External Affairs Maroc chez PMI, cette mesure repr\u00e9sente une \u00e9tape dans le chantier de la r\u00e9glementation des produits alternatifs au niveau national. Rappelons que le secteur du tabac au Maroc est lib\u00e9ralis\u00e9 depuis 2011. Depuis cette date, un important pas a \u00e9t\u00e9 franchi sur le plan r\u00e9glementaire particuli\u00e8rement en termes de simplification de certains aspects de la l\u00e9gislation ou encore l\u2019\u00e9limination de certaines lacunes.<\/span><\/p>\n<\/div>\n<div class=\"base-box mom_box_sc_custom mom_box_sc clear c13\" readability=\"59\">\n<p class=\"p1 c5\"><span class=\"c11\"><strong><span class=\"s1\">\u00ab<\/span><span class=\"s2\">Il faut se servir de l\u2019innovation technologique\u00a0<\/span><span class=\"s2\">pour r\u00e9duire les risques<\/span><span class=\"s1\">\u00bb<\/span><\/strong><\/span><\/p>\n<p class=\"p1 c5\"><span class=\"c12\"><strong><span class=\"s1\">Questions \u00e0 David Khayat,\u00a0<\/span><span class=\"s1\"><em>Canc\u00e9rologue et fondateur de l\u2019Institut national du cancer (France)<\/em><\/span><\/strong><\/span><\/p>\n<p class=\"p1 c5\"><span class=\"s1\"><strong>ALM\u00a0: Sur quoi repose le concept de r\u00e9duction de risques des maladies non transmissibles?<\/strong><\/span><\/p>\n<p class=\"p1 c5\"><span class=\"s1\"><strong><a href=\"http:\/\/aujourdhui.ma\/wp-content\/uploads\/2020\/02\/David-Khayat-.jpg?x29840\"><img loading=\"lazy\" decoding=\"async\" class=\"wp-image-332758 alignleft\" src=\"http:\/\/aujourdhui.ma\/wp-content\/uploads\/2020\/02\/David-Khayat-.jpg?x29840\" alt=\"\" width=\"340\" height=\"173\" srcset=\"http:\/\/aujourdhui.ma\/wp-content\/uploads\/2020\/02\/David-Khayat-.jpg 746w, http:\/\/aujourdhui.ma\/wp-content\/uploads\/2020\/02\/David-Khayat--300x153.jpg 300w\" sizes=\"auto, (max-width: 340px) 100vw, 340px\"\/><\/a>David Khayat\u00a0:<\/strong> Dans un monde id\u00e9al, on pourrait dire que l\u2019on va imposer \u00e0 tout le monde de manger des fruits et des l\u00e9gumes, de ne pas boire d\u2019alcool, de faire de l\u2019exercice physique r\u00e9guli\u00e8rement et de ne pas fumer. Mais il s\u2019av\u00e8re que dans la vraie vie cela ne marche pas. A titre d\u2019exemple, on a beau recommander aux personnes diab\u00e9tiques de r\u00e9\u00e9quilibrer leur alimentation, ils ne le font pas\u00a0! Il faut savoir aussi, que 63% des patients \u00e0 qui on annonce un cancer de poumon continuent de fumer. Donc un vrai probl\u00e8me qui s\u2019impose. Il ne suffit plus de recommander ni de faire peur mais plut\u00f4t d\u2019agir.<\/span><\/p>\n<p class=\"p1 c5\"><span class=\"s1\"><strong>Par quel biais\u00a0?<\/strong><\/span><\/p>\n<p class=\"p1 c5\"><span class=\"s1\">Il faut, tout d\u2019abord, agir sur les comportements en conseillant les gens d\u2019arr\u00eater de fumer, de faire de l\u2019exercice et de bien manger, etc. Parall\u00e8lement \u00e0 cela, il faut essayer de se servir de l\u2019innovation technologique pour arriver \u00e0 ce que les risques inh\u00e9rents r\u00e9duisent. C\u2019est d\u2019ailleurs ce qu\u2019on a fait en termes de mortalit\u00e9 routi\u00e8re. On est pass\u00e9 en France de 10.000 \u00e0 3.500 morts en dix ans. Ceci a \u00e9t\u00e9 possible non seulement par la limitation de vitesse mais surtout en introduisant le syst\u00e8me anti-blocage des roues (ABS) et en imposant le port des ceintures de s\u00e9curit\u00e9.<\/span><\/p>\n<p class=\"p1 c5\"><span class=\"s1\"><strong>Et comment faire pour r\u00e9duire les m\u00e9faits du tabagisme\u00a0?<\/strong><\/span><\/p>\n<p class=\"p1 c5\"><span class=\"s1\">On a essay\u00e9 d\u2019\u00e9radiquer le tabagisme en augmentant les prix, en mettant des photos choquantes sur les emballages et en interdisant de fumer dans les lieux publics. Mais, nous avons toujours \u00e0 peu pr\u00e8s autant de fumeurs qu\u2019avant. Plus on augmente le prix des cigarettes, plus on d\u00e9veloppe le commerce illicite. Du coup, on ne r\u00e9duit pas le nombre de fumeurs mais plut\u00f4t le nombre de fumeurs qui ach\u00e8tent la cigarette via le circuit conventionnel. Naturellement, tous les m\u00e9decins diront que le seul message qui va est \u00abd\u2019arr\u00eater de fumer\u00bb mais pour ceux qui ont du mal \u00e0 s\u2019y mettre on va les orienter vers les substituts nicotiniques (NRT). Or, les statistiques ont d\u00e9montr\u00e9 que ces alternatives ne sont toujours pas efficaces. Apr\u00e8s six mois d\u2019usage des substituts, seulement 10% y arrivent. A l\u2019instar des ABS, l\u2019innovation technologique peut \u00eatre d\u2019un grand apport dans la r\u00e9duction de ce risque. La cigarette \u00e9lectronique, le tabac \u00e0 chauffer, le snus (tabac \u00e0 sucer) ou les autres produits qui viendront par la suite sont des choses possibles et qui r\u00e9duisent clairement le risque des maladies li\u00e9es au tabagisme.<\/span><\/p>\n<p class=\"p1 c5\"><span class=\"s1\"><strong>Peut-on parler aujourd\u2019hui d\u2019une \u00e9conomie de r\u00e9duction de risque\u00a0?<\/strong><\/span><\/p>\n<p class=\"p1 c5\"><span class=\"s1\">En effet, on peut parler d\u2019une politique de r\u00e9duction de risque et donc d\u2019une \u00e9conomie de r\u00e9duction de risque qui aura des retomb\u00e9es positives sur les \u00e9conomies. Car si on \u00e9vite une maladie on \u00e9vite, par cons\u00e9quent, des d\u00e9penses aussi bien en vie qu\u2019en argent.<\/span><\/p>\n<\/div>\n<p>Auteur: Kawtar Tali<br \/>\n<a href=\"http:\/\/aujourdhui.ma\/societe\/reduction-des-risques-des-maladies-non-transmissibles-quand-innovation-rime-avec-sante-2\">Cliquez ici pour lire l&rsquo;article depuis sa source.<\/a><\/p>\n","protected":false},"excerpt":{"rendered":"<p>A l\u2019heure o\u00f9 la communaut\u00e9 scientifique internationale tire la sonnette d\u2019alarme quant \u00e0 la consommation de cigarettes, les fumeurs ont du mal \u00e0 se d\u00e9barrasser de cette habitude \u00abmorbide\u00bb. Sur 70% de fumeurs ayant entam\u00e9 le processus de sevrage, seulement 5% y arrivent sans aide au moment o\u00f9 le reste a du mal \u00e0 d\u00e9crocher [&hellip;]<\/p>\n","protected":false},"author":1759,"featured_media":0,"comment_status":"closed","ping_status":"closed","sticky":false,"template":"","format":"standard","meta":{"fifu_image_url":"","fifu_image_alt":"","footnotes":""},"categories":[73,54],"tags":[],"class_list":["post-75768","post","type-post","status-publish","format-standard","hentry","category-actualite","category-maroc"],"_links":{"self":[{"href":"https:\/\/linitiative.ca\/International\/wp-json\/wp\/v2\/posts\/75768","targetHints":{"allow":["GET"]}}],"collection":[{"href":"https:\/\/linitiative.ca\/International\/wp-json\/wp\/v2\/posts"}],"about":[{"href":"https:\/\/linitiative.ca\/International\/wp-json\/wp\/v2\/types\/post"}],"author":[{"embeddable":true,"href":"https:\/\/linitiative.ca\/International\/wp-json\/wp\/v2\/users\/1759"}],"replies":[{"embeddable":true,"href":"https:\/\/linitiative.ca\/International\/wp-json\/wp\/v2\/comments?post=75768"}],"version-history":[{"count":0,"href":"https:\/\/linitiative.ca\/International\/wp-json\/wp\/v2\/posts\/75768\/revisions"}],"wp:attachment":[{"href":"https:\/\/linitiative.ca\/International\/wp-json\/wp\/v2\/media?parent=75768"}],"wp:term":[{"taxonomy":"category","embeddable":true,"href":"https:\/\/linitiative.ca\/International\/wp-json\/wp\/v2\/categories?post=75768"},{"taxonomy":"post_tag","embeddable":true,"href":"https:\/\/linitiative.ca\/International\/wp-json\/wp\/v2\/tags?post=75768"}],"curies":[{"name":"wp","href":"https:\/\/api.w.org\/{rel}","templated":true}]}}