{"id":75769,"date":"2020-02-11T08:30:35","date_gmt":"2020-02-11T13:30:35","guid":{"rendered":"https:\/\/linitiative.ca\/International\/afrique-du-rire-debarque-a-cotonou-dakar-et-abidjan\/"},"modified":"2020-02-11T08:30:35","modified_gmt":"2020-02-11T13:30:35","slug":"afrique-du-rire-debarque-a-cotonou-dakar-et-abidjan","status":"publish","type":"post","link":"https:\/\/linitiative.ca\/International\/afrique-du-rire-debarque-a-cotonou-dakar-et-abidjan\/","title":{"rendered":"\u00abAfrique Du Rire\u00bb d\u00e9barque  \u00e0 Cotonou, Dakar et Abidjan"},"content":{"rendered":"<p><img decoding=\"async\" class=\"post_layout_5_img\" src=\"http:\/\/aujourdhui.ma\/wp-content\/uploads\/2020\/02\/Afrique-Du-Rire.jpg?x29840\" alt=\"\u00abAfrique Du Rire\u00bb d\u00e9barque \u00e0 Cotonou, Dakar et Abidjan\"\/><\/p>\n<p class=\"p1\"><strong><span class=\"c4\"><em>Il continuera sa tourn\u00e9e jusqu\u2019au 21 f\u00e9vrier<\/em><\/span><\/strong><span id=\"more-332800\"\/><\/p>\n<p class=\"p1\"><span class=\"s1\">La troisi\u00e8me \u00e9dition du festival \u00abAfrique Du Rire\u00bb vient de cl\u00f4turer sa premi\u00e8re \u00e9tape pour le Maroc. De Casablanca \u00e0 Rabat, en passant par Tanger, ils \u00e9taient plus de 2.600 spectateurs \u00e0 venir assister aux diff\u00e9rents shows du festival. Cet \u00e9v\u00e9nement enti\u00e8rement d\u00e9di\u00e9 \u00e0 l\u2019humour continuera ainsi sa tourn\u00e9e jusqu\u2019au 21 f\u00e9vrier. Et cette fois-ci c\u2019est au tour des villes de Cotonou, Dakar et Abidjan d\u2019accueillir sur sc\u00e8ne les 12 artistes participant \u00e0 cette \u00e9dition. Originale et innovante, la tourn\u00e9e de l\u2019\u00abAfrique Du Rire\u00bb au Maroc ne s\u2019est pas limit\u00e9e \u00e0 l\u2019humour et a accord\u00e9 une place pr\u00e9pond\u00e9rante \u00e0 d\u2019autres activit\u00e9s en parall\u00e8le. <em>\u00abSamedi 8 f\u00e9vrier, les com\u00e9diens sont partis \u00e0 la rencontre des \u00e9tudiants boursiers de la Cit\u00e9 universitaire internationale (CUI) de Rabat. Une rencontre pleine d\u2019\u00e9motion et de partage avec les \u00e9tudiants venus de diff\u00e9rents pays africains\u00bb,<\/em> indiquent les organisateurs.<\/span><\/p>\n<p class=\"p1\"><span class=\"s1\">Pour rappel, l\u2019\u00e9v\u00e9nement conna\u00eet la participation de douze artistes venus de diff\u00e9rents pays africains dont Booder (Maroc), Ahmed Sparrow (Alge\u0301rie), Sacko Camara (Co\u0302te d\u2019Ivoire), Kev Adams (France), Gohou Michel (Co\u0302te d\u2019Ivoire), Digbeu Cravate (Co\u0302te d\u2019Ivoire), Patson (Co\u0302te d\u2019ivoire), Le Magnific (Co\u0302te d\u2019Ivoire), Kimenyi Herve\u0301 (Rwanda), L\u2019Observateur (Co\u0302te d\u2019Ivoire), Redouane Bougheraba (Alge\u0301rie) et Oualas \u00e9galement ma\u00eetre de c\u00e9r\u00e9monie du festival. Il faut noter que \u00abAfrique Du Rire\u00bb est un festival itin\u00e9rant qui a pour but d\u2019\u00e9tablir un trait d\u2019union entre les peuples d\u2019Afrique. Organis\u00e9 sous le Haut patronage de Sa Majest\u00e9 le Roi Mohammed VI, le festival a \u00e9t\u00e9 fond\u00e9 par Tahar Lazrak, alias Oualas, en 2017.<span class=\"Apple-converted-space\">\u00a0<\/span> N\u00e9 au Maroc et ayant grandi en C\u00f4te d\u2019Ivoire, o\u00f9 il a forg\u00e9 une brillante notori\u00e9t\u00e9, Oualas, 32 ans, est d\u00e9sormais l\u2019un des humoristes francophones les plus appr\u00e9ci\u00e9s du continent.<\/span><\/p>\n<div class=\"base-box mom_box_sc_custom mom_box_sc clear c6\" readability=\"11\">\n<p class=\"p1\"><span class=\"c5\"><span class=\"s1 c4\"><strong>Programme\u00a0<\/strong><\/span><span class=\"s1\"><strong><span class=\"c4\">de la 2\u00e8me \u00e9tape<\/span><\/strong><\/span><\/span><\/p>\n<p class=\"p1\"><strong>\u2022 Cotonou :<\/strong> 15 f\u00e9vrier<\/p>\n<p class=\"p1\"><strong>\u2022 Dakar :<\/strong> 19 f\u00e9vrier<\/p>\n<p class=\"p1\"><strong>\u2022 Abidjan :<\/strong> 21 f\u00e9vrier<\/p>\n<\/div>\n<p>Auteur: ALM<br \/>\n<a href=\"http:\/\/aujourdhui.ma\/culture\/afrique-du-rire-debarque-a-cotonou-dakar-et-abidjan\">Cliquez ici pour lire l&rsquo;article depuis sa source.<\/a><\/p>\n","protected":false},"excerpt":{"rendered":"<p>Il continuera sa tourn\u00e9e jusqu\u2019au 21 f\u00e9vrier La troisi\u00e8me \u00e9dition du festival \u00abAfrique Du Rire\u00bb vient de cl\u00f4turer sa premi\u00e8re \u00e9tape pour le Maroc. De Casablanca \u00e0 Rabat, en passant par Tanger, ils \u00e9taient plus de 2.600 spectateurs \u00e0 venir assister aux diff\u00e9rents shows du festival. Cet \u00e9v\u00e9nement enti\u00e8rement d\u00e9di\u00e9 \u00e0 l\u2019humour continuera ainsi sa [&hellip;]<\/p>\n","protected":false},"author":1759,"featured_media":0,"comment_status":"closed","ping_status":"closed","sticky":false,"template":"","format":"standard","meta":{"fifu_image_url":"","fifu_image_alt":"","footnotes":""},"categories":[73,54],"tags":[],"class_list":["post-75769","post","type-post","status-publish","format-standard","hentry","category-actualite","category-maroc"],"_links":{"self":[{"href":"https:\/\/linitiative.ca\/International\/wp-json\/wp\/v2\/posts\/75769","targetHints":{"allow":["GET"]}}],"collection":[{"href":"https:\/\/linitiative.ca\/International\/wp-json\/wp\/v2\/posts"}],"about":[{"href":"https:\/\/linitiative.ca\/International\/wp-json\/wp\/v2\/types\/post"}],"author":[{"embeddable":true,"href":"https:\/\/linitiative.ca\/International\/wp-json\/wp\/v2\/users\/1759"}],"replies":[{"embeddable":true,"href":"https:\/\/linitiative.ca\/International\/wp-json\/wp\/v2\/comments?post=75769"}],"version-history":[{"count":0,"href":"https:\/\/linitiative.ca\/International\/wp-json\/wp\/v2\/posts\/75769\/revisions"}],"wp:attachment":[{"href":"https:\/\/linitiative.ca\/International\/wp-json\/wp\/v2\/media?parent=75769"}],"wp:term":[{"taxonomy":"category","embeddable":true,"href":"https:\/\/linitiative.ca\/International\/wp-json\/wp\/v2\/categories?post=75769"},{"taxonomy":"post_tag","embeddable":true,"href":"https:\/\/linitiative.ca\/International\/wp-json\/wp\/v2\/tags?post=75769"}],"curies":[{"name":"wp","href":"https:\/\/api.w.org\/{rel}","templated":true}]}}